{"id":19583,"date":"2026-01-30T16:10:37","date_gmt":"2026-01-30T15:10:37","guid":{"rendered":"https:\/\/www.alqueria.es\/blogs\/colegioalqueriatercerciclo\/?p=19583"},"modified":"2026-01-30T17:31:07","modified_gmt":"2026-01-30T16:31:07","slug":"la-paz-se-construye-cooperando","status":"publish","type":"post","link":"https:\/\/www.alqueria.es\/blogs\/colegioalqueriatercerciclo\/2026\/01\/30\/la-paz-se-construye-cooperando\/","title":{"rendered":"La Paz se construye Cooperando"},"content":{"rendered":"<div class=\"prose dark:prose-invert inline leading-relaxed break-words min-w-0 [word-break:break-word] prose-strong:font-medium visRefresh2026Fonts:prose-strong:font-bold [&amp;_&gt;*:first-child]:mt-0\">\n<p class=\"my-2 [&amp;+p]:mt-4 [&amp;_strong:has(+br)]:inline-block [&amp;_strong:has(+br)]:pb-2\"><strong>Estimadas familias:<\/strong><\/p>\n<p class=\"my-2 [&amp;+p]:mt-4 [&amp;_strong:has(+br)]:inline-block [&amp;_strong:has(+br)]:pb-2\">Bajo el lema \u00abLa Paz se construye cooperando\u00bb celebramos el <strong>D\u00eda de la No Violencia y la Paz<\/strong> este <strong>30 de enero<\/strong>.<\/p>\n<p class=\"my-2 [&amp;+p]:mt-4 [&amp;_strong:has(+br)]:inline-block [&amp;_strong:has(+br)]:pb-2\" style=\"text-align: left\"><span style=\"color: #000000\">Como cada a\u00f1o, se lleva a cabo una actividad com\u00fan para todo el colegio, desde el grupo naranja hasta sexto de primaria. Durante la jornada, el alumnado participa en intercambios entre clases, formando grupos heterog\u00e9neos en los que conviven distintas edades.<\/span><\/p>\n<p class=\"my-2 [&amp;+p]:mt-4 [&amp;_strong:has(+br)]:inline-block [&amp;_strong:has(+br)]:pb-2\" style=\"text-align: left\"><span style=\"color: #000000\">El ciclo 0-3 tambi\u00e9n se suma al resultado final con su aportaci\u00f3n especial, compartiendo as\u00ed esta experiencia de forma global en toda la comunidad educativa.<\/span><\/p>\n<p class=\"my-2 [&amp;+p]:mt-4 [&amp;_strong:has(+br)]:inline-block [&amp;_strong:has(+br)]:pb-2\"><span style=\"color: #000000\">Esta propuesta se fundamenta en la idea de que la convivencia pac\u00edfica no es un concepto abstracto, sino una realidad que se aprende y se practica d\u00eda a d\u00eda, a trav\u00e9s de las relaciones cotidianas.<\/span><\/p>\n<p class=\"my-2 [&amp;+p]:mt-4 [&amp;_strong:has(+br)]:inline-block [&amp;_strong:has(+br)]:pb-2\"><span style=\"color: #000000\">Mediante actividades cooperativas, el alumnado tiene la oportunidad de experimentar los valores de la participaci\u00f3n activa, la ayuda mutua y la responsabilidad compartida, comprendiendo que el bienestar com\u00fan depende del compromiso de cada persona.<\/span><\/p>\n<p class=\"my-2 [&amp;+p]:mt-4 [&amp;_strong:has(+br)]:inline-block [&amp;_strong:has(+br)]:pb-2\"><span style=\"color: #000000\">De este modo, fomentamos relaciones basadas en el respeto, la escucha y la solidaridad, pilares esenciales tanto para el desarrollo personal y social del alumnado como para la construcci\u00f3n de una comunidad educativa cohesionada y comprometida con la paz.<\/span><\/p>\n<p class=\"my-2 [&amp;+p]:mt-4 [&amp;_strong:has(+br)]:inline-block [&amp;_strong:has(+br)]:pb-2\"><strong><span style=\"color: #800080\">De igual modo la propuesta refuerza valores como el trabajo en equipo, la empat\u00eda y la resoluci\u00f3n pac\u00edfica de conflictos, facilitando que el alumnado adquiera herramientas sociales que le permitan relacionarse de manera positiva y responsable, tanto dentro como fuera del \u00e1mbito escolar. As\u00ed, la cooperaci\u00f3n se convierte en un eje transversal que impulsa el aprendizaje significativo y la construcci\u00f3n de una cultura de paz duradera.<\/span><\/strong><\/p>\n<\/div>\n<p>Tomando como referencia la frase de Paulo Freire&#8230;<\/p>\n<blockquote>\n<p style=\"text-align: center\"><strong>\u201cLa educaci\u00f3n no cambia el mundo, cambia a las personas que van a cambiar el mundo\u201d.<\/strong><\/p>\n<\/blockquote>\n<p>&#8230;se refuerza la idea de que educar en cooperaci\u00f3n y valores sociales, es un paso esencial para formar personas capaces de construir un futuro m\u00e1s justo y pac\u00edfico.<\/p>\n<p>El tercer ciclo ha preparado el trabajo a desarrollar con motivo del D\u00eda de la Paz mediante una asamblea de ideas previas sobre la importancia de conmemorar esta fecha. En ella hemos recordado por qu\u00e9 se celebra el 30 de enero y no otro d\u00eda.<br \/>\nDespu\u00e9s de la asamblea, el alumnado ha visto distintos cortos en los que se enfatiza la importancia de <strong>trabajar en equipo, cooperar, desarrollar la empat\u00eda, la solidaridad, la tolerancia y el respeto.<\/strong> Algunos de estos cortos han dado pie a una puesta en com\u00fan sobre los mensajes que nos transmiten y aquello de lo que nos quieren hacer conscientes.<br \/>\nAdem\u00e1s, hemos podido abordar la importancia de reflexionar sobre las decisiones que tomamos en el d\u00eda a d\u00eda, en nuestras relaciones sociales y en el trabajo en equipo, ya que todas ellas van conformando nuestra huella personal.<\/p>\n<p>Adem\u00e1s el grupo de quinto es el encargado de preparar la frase principal de esta celebraci\u00f3n: <strong>\u00abLA PAZ SE CONSTRUYE COOPERANDO\u00bb.<\/strong> Se ha utilizado la misma t\u00e9cnica que se va a realizar en los equipos cooperativos en la celebraci\u00f3n de este d\u00eda. Aqu\u00ed pod\u00e9is ver como se ha realizado.<\/p>\n<p><strong><span style=\"color: #800080\">Desarrollo de la celebraci\u00f3n del D\u00eda de la Paz:<\/span><\/strong><\/p>\n<p>Cada clase ha comenzado con el visionado del corto \u201cEl puente\u201d y una puesta en com\u00fan sobre lo que significa la convivencia para cada uno de los grupos, formados de manera aleatoria y con distintas edades.<\/p>\n<p><span class=\"embed-youtube\" style=\"text-align:center; display: block;\"><div class=\"a25-CTUOC-hidding-box\" data-original-content=\"&lt;iframe loading=&quot;lazy&quot; class=&quot;youtube-player&quot; width=&quot;474&quot; height=&quot;267&quot; src=&quot;https:\/\/www.youtube.com\/embed\/PU_ikRXZlbE?version=3&amp;#038;rel=1&amp;#038;showsearch=0&amp;#038;showinfo=1&amp;#038;iv_load_policy=1&amp;#038;fs=1&amp;#038;hl=es-ES&amp;#038;autohide=2&amp;#038;wmode=transparent&quot; allowfullscreen=&quot;true&quot; style=&quot;border:0;&quot; sandbox=&quot;allow-scripts allow-same-origin allow-popups allow-presentation allow-popups-to-escape-sandbox&quot;&gt;&lt;\/iframe&gt;\">Esta p\u00e1gina incluye contenido multimedia que requiere aceptar todas las cookies. Pulse aqu\u00ed para abrir la configuraci\u00f3n de cookies.<\/div><\/span><\/p>\n<p>A partir de este corto, el alumnado ha reflexionado sobre qu\u00e9 acciones se realizan en el ambiente escolar para que la convivencia y la cooperaci\u00f3n nos proporcionen paz: las palabras, los gestos y las peque\u00f1as acciones que nos hacen sentir bien y hacen sentir bien a los dem\u00e1s.<\/p>\n<p>Tras la asamblea, se han puesto en com\u00fan las conclusiones y cada grupo ha elegido, entre todos sus componentes, una palabra que se a\u00f1ade a la frase que da t\u00edtulo a esta actividad: <strong>\u201cCONSTRUIMOS LA PAZ\u2026\u201d<\/strong>. De este modo, se han creado distintas frases con el mismo comienzo, que se pueden ver repartidas por todo el espacio del colegio.<\/p>\n<p>\u201cCONSTRUIMOS LA PAZ\u2026\u201d se encuentra expuesto en el tabl\u00f3n de la entrada central del aulario y tambi\u00e9n en el que hay frente a la clase Naranja, que es el tabl\u00f3n com\u00fan del 3-6.<\/p>\n<p>Para escribir las palabras, se lleva a cabo un sencillo \u201ctaller art\u00edstico\u201d en el que los mayores ayudan a los m\u00e1s peque\u00f1os. Cada una de las letras de la palabra elegida se realiza en un soporte tama\u00f1o A5 representado con \u201cmu\u00f1ecos de palo\u00bb. La idea es representar simb\u00f3licamente c\u00f3mo cooperando se consigue un resultado com\u00fan.<\/p>\n<p>Para terminar la celebraci\u00f3n, nos reuniremos todo el equipo educativo y todo el alumnado del centro en el tejadillo, donde realizaremos un cierre de la actividad todos juntos.<\/p>\n<p>Aqu\u00ed os dejamos un peque\u00f1o v\u00eddeo donde se recogen los distintos momentos de la celebraci\u00f3n.<\/p>\n<p><div class=\"a25-CTUOC-hidding-box\" data-original-content=\"&lt;iframe loading=&quot;lazy&quot; title=&quot;Celebraci\u00f3n D\u00eda de la Paz 2026 - Alquer\u00eda Educaci\u00f3n&quot; src=&quot;https:\/\/player.vimeo.com\/video\/1160238266?dnt=1&amp;amp;app_id=122963&quot; width=&quot;474&quot; height=&quot;335&quot; frameborder=&quot;0&quot; allow=&quot;autoplay; fullscreen; picture-in-picture; clipboard-write; encrypted-media; web-share&quot; referrerpolicy=&quot;strict-origin-when-cross-origin&quot;&gt;&lt;\/iframe&gt;\">Esta p\u00e1gina incluye contenido multimedia que requiere aceptar todas las cookies. Pulse aqu\u00ed para abrir la configuraci\u00f3n de cookies.<\/div><\/p>\n<p>Buen fin de Semana<\/p>\n<p>Isabel y Jorge<\/p>\n","protected":false},"excerpt":{"rendered":"<p>Estimadas familias: Bajo el lema \u00abLa Paz se construye cooperando\u00bb celebramos el D\u00eda de la No Violencia y la Paz este 30 de enero. Como cada a\u00f1o, se lleva a cabo una actividad com\u00fan para todo el colegio, desde el grupo naranja hasta sexto de primaria. Durante la jornada, el alumnado participa en intercambios entre &hellip; <a href=\"https:\/\/www.alqueria.es\/blogs\/colegioalqueriatercerciclo\/2026\/01\/30\/la-paz-se-construye-cooperando\/\" class=\"more-link\">Seguir leyendo <span class=\"screen-reader-text\">La Paz se construye Cooperando<\/span> <span class=\"meta-nav\">&rarr;<\/span><\/a><\/p>\n","protected":false},"author":9,"featured_media":0,"comment_status":"open","ping_status":"open","sticky":false,"template":"","format":"standard","meta":{"jetpack_post_was_ever_published":false,"_jetpack_newsletter_access":"","_jetpack_dont_email_post_to_subs":false,"_jetpack_newsletter_tier_id":0,"_jetpack_memberships_contains_paywalled_content":false,"_jetpack_memberships_contains_paid_content":false,"footnotes":"","jetpack_publicize_message":"","jetpack_publicize_feature_enabled":true,"jetpack_social_post_already_shared":true,"jetpack_social_options":{"image_generator_settings":{"template":"highway","default_image_id":0,"font":"","enabled":false},"version":2}},"categories":[2,3,368,636],"tags":[39,179,180,115],"class_list":["post-19583","post","type-post","status-publish","format-standard","hentry","category-5o-epo","category-6o-epo","category-dia-de-la-paz","category-trabajo-cooperativo","tag-dia-de-la-paz-y-no-violencia","tag-semanario-5o","tag-semanario-6o","tag-youtube"],"jetpack_publicize_connections":[],"jetpack_featured_media_url":"","jetpack_sharing_enabled":true,"jetpack_shortlink":"https:\/\/wp.me\/p4l4AW-55R","jetpack-related-posts":[],"_links":{"self":[{"href":"https:\/\/www.alqueria.es\/blogs\/colegioalqueriatercerciclo\/wp-json\/wp\/v2\/posts\/19583","targetHints":{"allow":["GET"]}}],"collection":[{"href":"https:\/\/www.alqueria.es\/blogs\/colegioalqueriatercerciclo\/wp-json\/wp\/v2\/posts"}],"about":[{"href":"https:\/\/www.alqueria.es\/blogs\/colegioalqueriatercerciclo\/wp-json\/wp\/v2\/types\/post"}],"author":[{"embeddable":true,"href":"https:\/\/www.alqueria.es\/blogs\/colegioalqueriatercerciclo\/wp-json\/wp\/v2\/users\/9"}],"replies":[{"embeddable":true,"href":"https:\/\/www.alqueria.es\/blogs\/colegioalqueriatercerciclo\/wp-json\/wp\/v2\/comments?post=19583"}],"version-history":[{"count":7,"href":"https:\/\/www.alqueria.es\/blogs\/colegioalqueriatercerciclo\/wp-json\/wp\/v2\/posts\/19583\/revisions"}],"predecessor-version":[{"id":19604,"href":"https:\/\/www.alqueria.es\/blogs\/colegioalqueriatercerciclo\/wp-json\/wp\/v2\/posts\/19583\/revisions\/19604"}],"wp:attachment":[{"href":"https:\/\/www.alqueria.es\/blogs\/colegioalqueriatercerciclo\/wp-json\/wp\/v2\/media?parent=19583"}],"wp:term":[{"taxonomy":"category","embeddable":true,"href":"https:\/\/www.alqueria.es\/blogs\/colegioalqueriatercerciclo\/wp-json\/wp\/v2\/categories?post=19583"},{"taxonomy":"post_tag","embeddable":true,"href":"https:\/\/www.alqueria.es\/blogs\/colegioalqueriatercerciclo\/wp-json\/wp\/v2\/tags?post=19583"}],"curies":[{"name":"wp","href":"https:\/\/api.w.org\/{rel}","templated":true}]}}