{"id":20183,"date":"2026-04-27T08:32:08","date_gmt":"2026-04-27T06:32:08","guid":{"rendered":"https:\/\/www.alqueria.es\/blogs\/colegioalqueriatercerciclo\/?p=20183"},"modified":"2026-04-27T08:33:22","modified_gmt":"2026-04-27T06:33:22","slug":"semana-de-la-lectura","status":"publish","type":"post","link":"https:\/\/www.alqueria.es\/blogs\/colegioalqueriatercerciclo\/2026\/04\/27\/semana-de-la-lectura\/","title":{"rendered":"Semana de la lectura"},"content":{"rendered":"<div data-renderer=\"lm\">\n<p class=\"my-2 [&amp;+p]:mt-4 [&amp;_strong:has(+br)]:inline-block [&amp;_strong:has(+br)]:pb-2\">Durante esta semana, en clase comenzamos a adentrarnos en el mundo de los microrrelatos. Para ello, primero hemos comentamos sobre qu\u00e9 creemos que son y cu\u00e1les son sus caracter\u00edsticas principales.<\/p>\n<p class=\"my-2 [&amp;+p]:mt-4 [&amp;_strong:has(+br)]:inline-block [&amp;_strong:has(+br)]:pb-2\">Un microrrelato es una historia muy breve, que se puede contar en apenas unas l\u00edneas. No es un resumen de un cuento m\u00e1s largo, sino una historia completa en s\u00ed misma. Aunque sea corto, mantiene la estructura b\u00e1sica de cualquier narraci\u00f3n: tiene un inicio, un desarrollo y un desenlace, y su objetivo es mostrar un cambio o c\u00f3mo se resuelve un peque\u00f1o conflicto.<\/p>\n<p class=\"my-2 [&amp;+p]:mt-4 [&amp;_strong:has(+br)]:inline-block [&amp;_strong:has(+br)]:pb-2\">En este tipo de textos, el tiempo suele transcurrir de forma muy r\u00e1pida entre el principio y el final. Adem\u00e1s, intervienen pocos personajes y la acci\u00f3n suele situarse en un \u00fanico escenario.<\/p>\n<p class=\"my-2 [&amp;+p]:mt-4 [&amp;_strong:has(+br)]:inline-block [&amp;_strong:has(+br)]:pb-2\">Dado que el espacio es limitado, es fundamental elegir muy bien los detalles que se incluyen. Un solo detalle bien escogido puede decir mucho m\u00e1s que una larga descripci\u00f3n. Por eso, escribir microrrelatos es un ejercicio de precisi\u00f3n: tan importante es lo que se cuenta como lo que se decide dejar fuera.<\/p>\n<p class=\"my-2 [&amp;+p]:mt-4 [&amp;_strong:has(+br)]:inline-block [&amp;_strong:has(+br)]:pb-2\">El t\u00edtulo tambi\u00e9n juega un papel clave, ya que forma parte de la historia y puede aportar informaci\u00f3n esencial con muy pocas palabras.<\/p>\n<p class=\"my-2 [&amp;+p]:mt-4 [&amp;_strong:has(+br)]:inline-block [&amp;_strong:has(+br)]:pb-2\">As\u00ed, los microrrelatos cuentan algo peque\u00f1o en extensi\u00f3n, pero con un gran significado. Para lograrlo, recomendamos evitar explicaciones innecesarias.<\/p>\n<p>En estos d\u00edas deb\u00edan realizar tres microrrelatos en d\u00edas diferentes y para decidir la tem\u00e1tica, deb\u00edan escoger entre una de las siguientes tramas:<\/p>\n<ul>\n<li><em>Sigo atrapado all\u00ed dentro.<\/em><\/li>\n<li><em>Me encuentro en una cueva, una cueva oscura, cerrada.<\/em><\/li>\n<li><em>Todo estaba escrito en la peque\u00f1a libreta gris que llevaba en el bolsillo.<\/em><\/li>\n<li><em>Esa noche solo cenamos una triste tortilla.<\/em><\/li>\n<li><em>Cuando me despert\u00e9, el dinosaurio segu\u00eda ah\u00ed.<\/em><\/li>\n<li><em>Quiz\u00e1s pudi\u00e9ramos esperar a ma\u00f1ana.<\/em><\/li>\n<li><em>Resultaba tan dif\u00edcil, que entre todos llegaron a desliar el ovillo.<\/em><\/li>\n<\/ul>\n<p>El desarrollo de este taller de escritura supone un reto para el grupo, ya que implica centrarse en la esencia de la historia y encontrar la manera de captar la atenci\u00f3n del lector desde el primer momento. Adem\u00e1s, se trabaja la idea de sugerir m\u00e1s que de explicar, dejando espacio para que quien lee imagine distintos finales o se sorprenda con un giro inesperado. Una vez revisados y publicados los tres primeros, se realiza un cuarto como reto para ser el mejor. De todos ellos, escogen uno para mostrarlo a continuaci\u00f3n:<\/p>\n<\/div>\n<div class=\"a25-CTUOC-hidding-box\" data-original-content=\"&lt;iframe loading=&quot;lazy&quot; class=&quot;scribd_iframe_embed&quot; src=&quot;https:\/\/www.scribd.com\/embeds\/1031659683\/content?start_page=1&amp;view_mode&amp;access_key=key-ti3mlkr6EdwQE9uSAk3T&quot;  data-auto-height=&quot;true&quot; scrolling=&quot;no&quot; id=&quot;scribd_1031659683&quot; width=&quot;100%&quot; height=&quot;500&quot; frameborder=&quot;0&quot;&gt;&lt;\/iframe&gt;\">Esta p\u00e1gina incluye contenido multimedia que requiere aceptar todas las cookies. Pulse aqu\u00ed para abrir la configuraci\u00f3n de cookies.<\/div>\n\t\t<div style=\"font-size:10px;text-align:center;width:100%\"><a href=\"https:\/\/www.scribd.com\/doc\/1031659683\" rel=\"noopener noreferrer\" target=\"_blank\">Ver este documento en Scribd<\/a><\/div>\n<div data-renderer=\"lm\">\n<p class=\"my-2 [&amp;+p]:mt-4 [&amp;_strong:has(+br)]:inline-block [&amp;_strong:has(+br)]:pb-2\">Esta semana, varios voluntarios de clase han preparado, ensayado y compartido con el grupo amarillo una bonita experiencia de lectura cooperativa.<\/p>\n<p class=\"my-2 [&amp;+p]:mt-4 [&amp;_strong:has(+br)]:inline-block [&amp;_strong:has(+br)]:pb-2\">Juntos han le\u00eddo el cuento <em>\u201cEl Monstruo azul\u201d<\/em>, una historia cercana y muy significativa que nos habla de un peque\u00f1o monstruo que, en ocasiones, se siente triste o enfadado sin saber muy bien por qu\u00e9. A lo largo del cuento, va aprendiendo a reconocer sus emociones y a encontrar la calma con la ayuda de los dem\u00e1s. Orto grupo ha le\u00eddo la historia de <em>\u00abEl rojo no est\u00e1 enfadado, el azul no est\u00e1 triste\u00bb<\/em>, historia que habla de las emociones sin necesidad de identificarlas con los colores. En el desarrollo de la narraci\u00f3n, van intercalando las voces de los diferentes personajes para captar la atenci\u00f3n del os m\u00e1s peque\u00f1os.<\/p>\n<p class=\"my-2 [&amp;+p]:mt-4 [&amp;_strong:has(+br)]:inline-block [&amp;_strong:has(+br)]:pb-2\"><img decoding=\"async\" data-attachment-id=\"20184\" data-permalink=\"https:\/\/www.alqueria.es\/blogs\/colegioalqueriatercerciclo\/2026\/04\/27\/semana-de-la-lectura\/lectura-infantil-1\/\" data-orig-file=\"https:\/\/cloud.alqueria.es\/wp-content\/uploads\/sites\/5\/2026\/04\/lectura-infantil-1.jpeg\" data-orig-size=\"2048,1365\" data-comments-opened=\"1\" data-image-meta=\"{&quot;aperture&quot;:&quot;0&quot;,&quot;credit&quot;:&quot;&quot;,&quot;camera&quot;:&quot;&quot;,&quot;caption&quot;:&quot;&quot;,&quot;created_timestamp&quot;:&quot;0&quot;,&quot;copyright&quot;:&quot;&quot;,&quot;focal_length&quot;:&quot;0&quot;,&quot;iso&quot;:&quot;0&quot;,&quot;shutter_speed&quot;:&quot;0&quot;,&quot;title&quot;:&quot;&quot;,&quot;orientation&quot;:&quot;0&quot;}\" data-image-title=\"lectura infantil (1)\" data-image-description=\"\" data-image-caption=\"\" data-large-file=\"https:\/\/cloud.alqueria.es\/wp-content\/uploads\/sites\/5\/2026\/04\/lectura-infantil-1-1024x683.jpeg\" class=\"alignnone size-large wp-image-20184\" src=\"https:\/\/cloud.alqueria.es\/wp-content\/uploads\/sites\/5\/2026\/04\/lectura-infantil-1-1024x683.jpeg\" alt=\"\" width=\"474\" height=\"316\" srcset=\"https:\/\/cloud.alqueria.es\/wp-content\/uploads\/sites\/5\/2026\/04\/lectura-infantil-1-1024x683.jpeg 1024w, https:\/\/cloud.alqueria.es\/wp-content\/uploads\/sites\/5\/2026\/04\/lectura-infantil-1-300x200.jpeg 300w, https:\/\/cloud.alqueria.es\/wp-content\/uploads\/sites\/5\/2026\/04\/lectura-infantil-1-768x512.jpeg 768w, https:\/\/cloud.alqueria.es\/wp-content\/uploads\/sites\/5\/2026\/04\/lectura-infantil-1-1536x1024.jpeg 1536w, https:\/\/cloud.alqueria.es\/wp-content\/uploads\/sites\/5\/2026\/04\/lectura-infantil-1.jpeg 2048w\" sizes=\"(max-width: 474px) 100vw, 474px\" \/> <img decoding=\"async\" data-attachment-id=\"20185\" data-permalink=\"https:\/\/www.alqueria.es\/blogs\/colegioalqueriatercerciclo\/2026\/04\/27\/semana-de-la-lectura\/lectura-infantil-2\/\" data-orig-file=\"https:\/\/cloud.alqueria.es\/wp-content\/uploads\/sites\/5\/2026\/04\/lectura-infantil-2.jpeg\" data-orig-size=\"2048,1536\" data-comments-opened=\"1\" data-image-meta=\"{&quot;aperture&quot;:&quot;0&quot;,&quot;credit&quot;:&quot;&quot;,&quot;camera&quot;:&quot;&quot;,&quot;caption&quot;:&quot;&quot;,&quot;created_timestamp&quot;:&quot;0&quot;,&quot;copyright&quot;:&quot;&quot;,&quot;focal_length&quot;:&quot;0&quot;,&quot;iso&quot;:&quot;0&quot;,&quot;shutter_speed&quot;:&quot;0&quot;,&quot;title&quot;:&quot;&quot;,&quot;orientation&quot;:&quot;0&quot;}\" data-image-title=\"lectura infantil (2)\" data-image-description=\"\" data-image-caption=\"\" data-large-file=\"https:\/\/cloud.alqueria.es\/wp-content\/uploads\/sites\/5\/2026\/04\/lectura-infantil-2-1024x768.jpeg\" class=\"alignnone size-large wp-image-20185\" src=\"https:\/\/cloud.alqueria.es\/wp-content\/uploads\/sites\/5\/2026\/04\/lectura-infantil-2-1024x768.jpeg\" alt=\"\" width=\"474\" height=\"356\" srcset=\"https:\/\/cloud.alqueria.es\/wp-content\/uploads\/sites\/5\/2026\/04\/lectura-infantil-2-1024x768.jpeg 1024w, https:\/\/cloud.alqueria.es\/wp-content\/uploads\/sites\/5\/2026\/04\/lectura-infantil-2-300x225.jpeg 300w, https:\/\/cloud.alqueria.es\/wp-content\/uploads\/sites\/5\/2026\/04\/lectura-infantil-2-768x576.jpeg 768w, https:\/\/cloud.alqueria.es\/wp-content\/uploads\/sites\/5\/2026\/04\/lectura-infantil-2-1536x1152.jpeg 1536w, https:\/\/cloud.alqueria.es\/wp-content\/uploads\/sites\/5\/2026\/04\/lectura-infantil-2.jpeg 2048w\" sizes=\"(max-width: 474px) 100vw, 474px\" \/><\/p>\n<div data-renderer=\"lm\">\n<p class=\"my-2 [&amp;+p]:mt-4 [&amp;_strong:has(+br)]:inline-block [&amp;_strong:has(+br)]:pb-2\">Por \u00faltimo, esta semana hemos disfrutado de una de las \u00faltimas conferencias del curso de sexto, celebrada el pasado 23 de abril con motivo del D\u00eda del Libro, una fecha muy especial en recuerdo del fallecimiento de Miguel de Cervantes.<\/p>\n<p class=\"my-2 [&amp;+p]:mt-4 [&amp;_strong:has(+br)]:inline-block [&amp;_strong:has(+br)]:pb-2\">En esta ocasi\u00f3n, la conferencia ha sido realizada por Mateo, quien ha compartido su trabajo con su grupo demostrando una vez m\u00e1s el esfuerzo y la dedicaci\u00f3n que el alumnado est\u00e1 poniendo en esta actividad a lo largo del curso.<\/p>\n<div class=\"a25-CTUOC-hidding-box\" data-original-content=\"&lt;iframe loading=&quot;lazy&quot; class=&quot;scribd_iframe_embed&quot; src=&quot;https:\/\/www.scribd.com\/embeds\/1031671808\/content?start_page=1&amp;view_mode&amp;access_key=key-OmzYv2957W0bmieocEGm&quot;  data-auto-height=&quot;true&quot; scrolling=&quot;no&quot; id=&quot;scribd_1031671808&quot; width=&quot;100%&quot; height=&quot;500&quot; frameborder=&quot;0&quot;&gt;&lt;\/iframe&gt;\">Esta p\u00e1gina incluye contenido multimedia que requiere aceptar todas las cookies. Pulse aqu\u00ed para abrir la configuraci\u00f3n de cookies.<\/div>\n\t\t<div style=\"font-size:10px;text-align:center;width:100%\"><a href=\"https:\/\/www.scribd.com\/doc\/1031671808\" rel=\"noopener noreferrer\" target=\"_blank\">Ver este documento en Scribd<\/a><\/div>\n<p class=\"my-2 [&amp;+p]:mt-4 [&amp;_strong:has(+br)]:inline-block [&amp;_strong:has(+br)]:pb-2\">Sin duda, ha sido una forma de seguir fomentando el gusto por la lectura y de poner en valor la importancia de la literatura en el grupo.<\/p>\n<p class=\"my-2 [&amp;+p]:mt-4 [&amp;_strong:has(+br)]:inline-block [&amp;_strong:has(+br)]:pb-2\">Jorge Torrente<\/p>\n<\/div>\n<\/div>\n","protected":false},"excerpt":{"rendered":"<p>Durante esta semana, en clase comenzamos a adentrarnos en el mundo de los microrrelatos. Para ello, primero hemos comentamos sobre qu\u00e9 creemos que son y cu\u00e1les son sus caracter\u00edsticas principales. Un microrrelato es una historia muy breve, que se puede contar en apenas unas l\u00edneas. No es un resumen de un cuento m\u00e1s largo, sino &hellip; <a href=\"https:\/\/www.alqueria.es\/blogs\/colegioalqueriatercerciclo\/2026\/04\/27\/semana-de-la-lectura\/\" class=\"more-link\">Seguir leyendo <span class=\"screen-reader-text\">Semana de la lectura<\/span> <span class=\"meta-nav\">&rarr;<\/span><\/a><\/p>\n","protected":false},"author":3,"featured_media":0,"comment_status":"open","ping_status":"open","sticky":false,"template":"","format":"standard","meta":{"jetpack_post_was_ever_published":false,"_jetpack_newsletter_access":"","_jetpack_dont_email_post_to_subs":false,"_jetpack_newsletter_tier_id":0,"_jetpack_memberships_contains_paywalled_content":false,"_jetpack_memberships_contains_paid_content":false,"footnotes":"","jetpack_publicize_message":"","jetpack_publicize_feature_enabled":true,"jetpack_social_post_already_shared":true,"jetpack_social_options":{"image_generator_settings":{"template":"highway","default_image_id":0,"font":"","enabled":false},"version":2}},"categories":[3,15],"tags":[550,726,276,725,180],"class_list":["post-20183","post","type-post","status-publish","format-standard","hentry","category-6o-epo","category-semanario-6o","tag-dia-del-libro","tag-miguel-de-cervantes","tag-scribd","tag-semana-de-la-lectura","tag-semanario-6o"],"jetpack_publicize_connections":[],"jetpack_featured_media_url":"","jetpack_sharing_enabled":true,"jetpack_shortlink":"https:\/\/wp.me\/p4l4AW-5fx","jetpack-related-posts":[],"_links":{"self":[{"href":"https:\/\/www.alqueria.es\/blogs\/colegioalqueriatercerciclo\/wp-json\/wp\/v2\/posts\/20183","targetHints":{"allow":["GET"]}}],"collection":[{"href":"https:\/\/www.alqueria.es\/blogs\/colegioalqueriatercerciclo\/wp-json\/wp\/v2\/posts"}],"about":[{"href":"https:\/\/www.alqueria.es\/blogs\/colegioalqueriatercerciclo\/wp-json\/wp\/v2\/types\/post"}],"author":[{"embeddable":true,"href":"https:\/\/www.alqueria.es\/blogs\/colegioalqueriatercerciclo\/wp-json\/wp\/v2\/users\/3"}],"replies":[{"embeddable":true,"href":"https:\/\/www.alqueria.es\/blogs\/colegioalqueriatercerciclo\/wp-json\/wp\/v2\/comments?post=20183"}],"version-history":[{"count":2,"href":"https:\/\/www.alqueria.es\/blogs\/colegioalqueriatercerciclo\/wp-json\/wp\/v2\/posts\/20183\/revisions"}],"predecessor-version":[{"id":20187,"href":"https:\/\/www.alqueria.es\/blogs\/colegioalqueriatercerciclo\/wp-json\/wp\/v2\/posts\/20183\/revisions\/20187"}],"wp:attachment":[{"href":"https:\/\/www.alqueria.es\/blogs\/colegioalqueriatercerciclo\/wp-json\/wp\/v2\/media?parent=20183"}],"wp:term":[{"taxonomy":"category","embeddable":true,"href":"https:\/\/www.alqueria.es\/blogs\/colegioalqueriatercerciclo\/wp-json\/wp\/v2\/categories?post=20183"},{"taxonomy":"post_tag","embeddable":true,"href":"https:\/\/www.alqueria.es\/blogs\/colegioalqueriatercerciclo\/wp-json\/wp\/v2\/tags?post=20183"}],"curies":[{"name":"wp","href":"https:\/\/api.w.org\/{rel}","templated":true}]}}