{"id":20189,"date":"2026-05-01T10:12:44","date_gmt":"2026-05-01T08:12:44","guid":{"rendered":"https:\/\/www.alqueria.es\/blogs\/colegioalqueriatercerciclo\/?p=20189"},"modified":"2026-05-01T10:15:21","modified_gmt":"2026-05-01T08:15:21","slug":"visita-encuentro-educacion-y-amplificarte","status":"publish","type":"post","link":"https:\/\/www.alqueria.es\/blogs\/colegioalqueriatercerciclo\/2026\/05\/01\/visita-encuentro-educacion-y-amplificarte\/","title":{"rendered":"Visita Encuentro Educaci\u00f3n y Amplificarte"},"content":{"rendered":"<p>Estimadas familias, el grupo de quinto ha estado desarrollando a lo largo de todo el curso escolar Un Proyecto de Emprendimiento, que ha supuesto un gran trabajo a nivel individual, colectivo y que ha permitido cooperar, colaborar, hacernos m\u00e1s fuerte a nivel de equipo,\u00a0 En la pr\u00f3xima entrada desarrollaremos las \u00faltimas partes del proyecto,<\/p>\n<p>El proyecto de quinto en Emprendimiento ha consistido en la creaci\u00f3n\u00a0de una empresa de productos naturales., llamada QUINTO ECO. Con esta empresa pretenden conseguir capital para desarrollar una actividad muy especial en su viaje fin de curso.<\/p>\n<p>El alumnado ha preparado con mucha ilusi\u00f3n todas las producciones creadas, la carteler\u00eda, la decoraci\u00f3n que va a formar parte de este mercado. Nos gustar\u00eda invitar a todas las familias a pasar por nuestro mercado y colaborar con nosotros con la compra de alguno de nuestros productos. El mercado tendr\u00e1 lugar el mi\u00e9rcoles 6 de mayo desde las 15:30 a las 17:30 de la tarde. Os dejo la publicidad preparada para dar a conocer su proyecto.<\/p>\n<p>Os esperamos.<\/p>\n<p><div class=\"a25-CTUOC-hidding-box\" data-original-content=\"&lt;iframe loading=&quot;lazy&quot; title=&quot;Anuncio publicitario QuintoEco&quot; src=&quot;https:\/\/player.vimeo.com\/video\/1188141941?dnt=1&amp;amp;app_id=122963&quot; width=&quot;474&quot; height=&quot;356&quot; frameborder=&quot;0&quot; allow=&quot;autoplay; fullscreen; picture-in-picture; clipboard-write; encrypted-media; web-share&quot; referrerpolicy=&quot;strict-origin-when-cross-origin&quot;&gt;&lt;\/iframe&gt;\">Esta p\u00e1gina incluye contenido multimedia que requiere aceptar todas las cookies. Pulse aqu\u00ed para abrir la configuraci\u00f3n de cookies.<\/div><\/p>\n<p><strong><span style=\"color: #800080\">VISITA A ENCUENTRO EDUCACI\u00d3N<\/span><\/strong><\/p>\n<p>El martes 28 de abril el alumnado de quinto realiz\u00f3 una visita a nuestro centro asociado de Educaci\u00f3n Secundaria Encuentro Educaci\u00f3n y de esta forma poder vivir desde la experiencia c\u00f3mo es un d\u00eda en un Instituto.<\/p>\n<p>Una vez all\u00ed nos recibi\u00f3 Aida y nos coment\u00f3 qu\u00e9 actividades se iban a realizar a lo largo de la jornada.<\/p>\n<p><img decoding=\"async\" data-attachment-id=\"20192\" data-permalink=\"https:\/\/www.alqueria.es\/blogs\/colegioalqueriatercerciclo\/2026\/05\/01\/visita-encuentro-educacion-y-amplificarte\/photo-2026-04-28-13-49-47-12\/\" data-orig-file=\"https:\/\/cloud.alqueria.es\/wp-content\/uploads\/sites\/5\/2026\/05\/PHOTO-2026-04-28-13-49-47-12.jpg\" data-orig-size=\"1600,1200\" data-comments-opened=\"1\" data-image-meta=\"{&quot;aperture&quot;:&quot;0&quot;,&quot;credit&quot;:&quot;&quot;,&quot;camera&quot;:&quot;&quot;,&quot;caption&quot;:&quot;&quot;,&quot;created_timestamp&quot;:&quot;0&quot;,&quot;copyright&quot;:&quot;&quot;,&quot;focal_length&quot;:&quot;0&quot;,&quot;iso&quot;:&quot;0&quot;,&quot;shutter_speed&quot;:&quot;0&quot;,&quot;title&quot;:&quot;&quot;,&quot;orientation&quot;:&quot;0&quot;}\" data-image-title=\"PHOTO-2026-04-28-13-49-47 (12)\" data-image-description=\"\" data-image-caption=\"\" data-large-file=\"https:\/\/cloud.alqueria.es\/wp-content\/uploads\/sites\/5\/2026\/05\/PHOTO-2026-04-28-13-49-47-12-1024x768.jpg\" class=\"alignnone size-full wp-image-20192\" src=\"https:\/\/cloud.alqueria.es\/wp-content\/uploads\/sites\/5\/2026\/05\/PHOTO-2026-04-28-13-49-47-12.jpg\" alt=\"\" width=\"1600\" height=\"1200\" srcset=\"https:\/\/cloud.alqueria.es\/wp-content\/uploads\/sites\/5\/2026\/05\/PHOTO-2026-04-28-13-49-47-12.jpg 1600w, https:\/\/cloud.alqueria.es\/wp-content\/uploads\/sites\/5\/2026\/05\/PHOTO-2026-04-28-13-49-47-12-300x225.jpg 300w, https:\/\/cloud.alqueria.es\/wp-content\/uploads\/sites\/5\/2026\/05\/PHOTO-2026-04-28-13-49-47-12-1024x768.jpg 1024w, https:\/\/cloud.alqueria.es\/wp-content\/uploads\/sites\/5\/2026\/05\/PHOTO-2026-04-28-13-49-47-12-768x576.jpg 768w, https:\/\/cloud.alqueria.es\/wp-content\/uploads\/sites\/5\/2026\/05\/PHOTO-2026-04-28-13-49-47-12-1536x1152.jpg 1536w\" sizes=\"(max-width: 1600px) 100vw, 1600px\" \/><\/p>\n<p><img decoding=\"async\" data-attachment-id=\"20191\" data-permalink=\"https:\/\/www.alqueria.es\/blogs\/colegioalqueriatercerciclo\/2026\/05\/01\/visita-encuentro-educacion-y-amplificarte\/photo-2026-04-28-13-49-47-5\/\" data-orig-file=\"https:\/\/cloud.alqueria.es\/wp-content\/uploads\/sites\/5\/2026\/05\/PHOTO-2026-04-28-13-49-47-5.jpg\" data-orig-size=\"1200,1600\" data-comments-opened=\"1\" data-image-meta=\"{&quot;aperture&quot;:&quot;0&quot;,&quot;credit&quot;:&quot;&quot;,&quot;camera&quot;:&quot;&quot;,&quot;caption&quot;:&quot;&quot;,&quot;created_timestamp&quot;:&quot;0&quot;,&quot;copyright&quot;:&quot;&quot;,&quot;focal_length&quot;:&quot;0&quot;,&quot;iso&quot;:&quot;0&quot;,&quot;shutter_speed&quot;:&quot;0&quot;,&quot;title&quot;:&quot;&quot;,&quot;orientation&quot;:&quot;0&quot;}\" data-image-title=\"PHOTO-2026-04-28-13-49-47 (5)\" data-image-description=\"\" data-image-caption=\"\" data-large-file=\"https:\/\/cloud.alqueria.es\/wp-content\/uploads\/sites\/5\/2026\/05\/PHOTO-2026-04-28-13-49-47-5-768x1024.jpg\" class=\"alignnone size-full wp-image-20191\" src=\"https:\/\/cloud.alqueria.es\/wp-content\/uploads\/sites\/5\/2026\/05\/PHOTO-2026-04-28-13-49-47-5.jpg\" alt=\"\" width=\"1200\" height=\"1600\" srcset=\"https:\/\/cloud.alqueria.es\/wp-content\/uploads\/sites\/5\/2026\/05\/PHOTO-2026-04-28-13-49-47-5.jpg 1200w, https:\/\/cloud.alqueria.es\/wp-content\/uploads\/sites\/5\/2026\/05\/PHOTO-2026-04-28-13-49-47-5-225x300.jpg 225w, https:\/\/cloud.alqueria.es\/wp-content\/uploads\/sites\/5\/2026\/05\/PHOTO-2026-04-28-13-49-47-5-768x1024.jpg 768w, https:\/\/cloud.alqueria.es\/wp-content\/uploads\/sites\/5\/2026\/05\/PHOTO-2026-04-28-13-49-47-5-1152x1536.jpg 1152w\" sizes=\"(max-width: 1200px) 100vw, 1200px\" \/><\/p>\n<p>Las actividades estaban dise\u00f1adas para que el alumnado se dividiera de dos grupos y pudi\u00e9semos disfrutar de cuatro actividades muy enriquecedoras. As\u00ed participamos en el desarrollo de clases de arte, ciencia, deporte y computaci\u00f3n. Esta planificaci\u00f3n ha posibilitado que el alumnado participe de manera real en el desarrollo de cuatro din\u00e1micas de aula como si fueran alumnado de secundaria. Aqu\u00ed os dejo im\u00e1genes del desarrollo de las cuatro actividades y en qu\u00e9 han consistido:<\/p>\n<p><strong><span style=\"color: #800080\">Arte con spray.\u00a0 <\/span><\/strong><span style=\"color: #800080\"><span style=\"color: #000000\">Educaci\u00f3n pl\u00e1stica y visual<\/span><\/span><\/p>\n<p>En esta actividad alumnos de segundo de secundaria junto a su profesor les han mostrado c\u00f3mo utilizar spray para decorar una bolsa de merienda y un skate creado anteriormente en la impresora 3D. En esta actividad han podido desarrollar su creatividad, a la vez que la planificaci\u00f3n y organizaci\u00f3n que toda actividad art\u00edstica tambi\u00e9n conlleva.<\/p>\n<p class=\"jetpack-slideshow-noscript robots-nocontent\">El pase de diapositivas requiere JavaScript.<\/p><div id=\"gallery-20189-1-slideshow\" class=\"jetpack-slideshow-window jetpack-slideshow jetpack-slideshow-black\" data-trans=\"fade\" data-autostart=\"1\" data-gallery=\"[{&quot;src&quot;:&quot;https:\\\/\\\/cloud.alqueria.es\\\/wp-content\\\/uploads\\\/sites\\\/5\\\/2026\\\/05\\\/PHOTO-2026-04-28-13-49-47-4.jpg&quot;,&quot;id&quot;:&quot;20194&quot;,&quot;title&quot;:&quot;PHOTO-2026-04-28-13-49-47 (4)&quot;,&quot;alt&quot;:&quot;&quot;,&quot;caption&quot;:&quot;&quot;,&quot;itemprop&quot;:&quot;image&quot;},{&quot;src&quot;:&quot;https:\\\/\\\/cloud.alqueria.es\\\/wp-content\\\/uploads\\\/sites\\\/5\\\/2026\\\/05\\\/PHOTO-2026-04-28-13-49-47-10.jpg&quot;,&quot;id&quot;:&quot;20195&quot;,&quot;title&quot;:&quot;PHOTO-2026-04-28-13-49-47 (10)&quot;,&quot;alt&quot;:&quot;&quot;,&quot;caption&quot;:&quot;&quot;,&quot;itemprop&quot;:&quot;image&quot;},{&quot;src&quot;:&quot;https:\\\/\\\/cloud.alqueria.es\\\/wp-content\\\/uploads\\\/sites\\\/5\\\/2026\\\/05\\\/PHOTO-2026-04-28-13-49-47-17.jpg&quot;,&quot;id&quot;:&quot;20196&quot;,&quot;title&quot;:&quot;PHOTO-2026-04-28-13-49-47 (17)&quot;,&quot;alt&quot;:&quot;&quot;,&quot;caption&quot;:&quot;&quot;,&quot;itemprop&quot;:&quot;image&quot;},{&quot;src&quot;:&quot;https:\\\/\\\/cloud.alqueria.es\\\/wp-content\\\/uploads\\\/sites\\\/5\\\/2026\\\/05\\\/PHOTO-2026-04-28-13-49-47.jpg&quot;,&quot;id&quot;:&quot;20197&quot;,&quot;title&quot;:&quot;PHOTO-2026-04-28-13-49-47&quot;,&quot;alt&quot;:&quot;&quot;,&quot;caption&quot;:&quot;&quot;,&quot;itemprop&quot;:&quot;image&quot;},{&quot;src&quot;:&quot;https:\\\/\\\/cloud.alqueria.es\\\/wp-content\\\/uploads\\\/sites\\\/5\\\/2026\\\/05\\\/PHOTO-2026-04-30-15-53-06-1.jpg&quot;,&quot;id&quot;:&quot;20198&quot;,&quot;title&quot;:&quot;PHOTO-2026-04-30-15-53-06 (1)&quot;,&quot;alt&quot;:&quot;&quot;,&quot;caption&quot;:&quot;&quot;,&quot;itemprop&quot;:&quot;image&quot;},{&quot;src&quot;:&quot;https:\\\/\\\/cloud.alqueria.es\\\/wp-content\\\/uploads\\\/sites\\\/5\\\/2026\\\/05\\\/PHOTO-2026-04-30-15-53-06.jpg&quot;,&quot;id&quot;:&quot;20199&quot;,&quot;title&quot;:&quot;PHOTO-2026-04-30-15-53-06&quot;,&quot;alt&quot;:&quot;&quot;,&quot;caption&quot;:&quot;&quot;,&quot;itemprop&quot;:&quot;image&quot;}]\" itemscope itemtype=\"https:\/\/schema.org\/ImageGallery\"><\/div>\n<p>&nbsp;<\/p>\n<p><strong><span style=\"color: #800080\">Computaci\u00f3n y rob\u00f3tica<\/span><\/strong>: Fingerboard, dise\u00f1o 3D y programaci\u00f3n En esta actividad han podido experimentar con distintas herramientas de programaci\u00f3n, dise\u00f1o de videojuegos. Ello mismos han podido programar una placa rob\u00f3tica,<\/p>\n<p class=\"jetpack-slideshow-noscript robots-nocontent\">El pase de diapositivas requiere JavaScript.<\/p><div id=\"gallery-20189-2-slideshow\" class=\"jetpack-slideshow-window jetpack-slideshow jetpack-slideshow-black\" data-trans=\"fade\" data-autostart=\"1\" data-gallery=\"[{&quot;src&quot;:&quot;https:\\\/\\\/cloud.alqueria.es\\\/wp-content\\\/uploads\\\/sites\\\/5\\\/2026\\\/05\\\/2.jpeg&quot;,&quot;id&quot;:&quot;20200&quot;,&quot;title&quot;:&quot;2&quot;,&quot;alt&quot;:&quot;&quot;,&quot;caption&quot;:&quot;&quot;,&quot;itemprop&quot;:&quot;image&quot;},{&quot;src&quot;:&quot;https:\\\/\\\/cloud.alqueria.es\\\/wp-content\\\/uploads\\\/sites\\\/5\\\/2026\\\/05\\\/3.jpeg&quot;,&quot;id&quot;:&quot;20201&quot;,&quot;title&quot;:&quot;3&quot;,&quot;alt&quot;:&quot;&quot;,&quot;caption&quot;:&quot;&quot;,&quot;itemprop&quot;:&quot;image&quot;},{&quot;src&quot;:&quot;https:\\\/\\\/cloud.alqueria.es\\\/wp-content\\\/uploads\\\/sites\\\/5\\\/2026\\\/05\\\/4.jpeg&quot;,&quot;id&quot;:&quot;20202&quot;,&quot;title&quot;:&quot;4&quot;,&quot;alt&quot;:&quot;&quot;,&quot;caption&quot;:&quot;&quot;,&quot;itemprop&quot;:&quot;image&quot;},{&quot;src&quot;:&quot;https:\\\/\\\/cloud.alqueria.es\\\/wp-content\\\/uploads\\\/sites\\\/5\\\/2026\\\/05\\\/PHOTO-2026-04-28-13-49-47-2.jpg&quot;,&quot;id&quot;:&quot;20203&quot;,&quot;title&quot;:&quot;PHOTO-2026-04-28-13-49-47 (2)&quot;,&quot;alt&quot;:&quot;&quot;,&quot;caption&quot;:&quot;&quot;,&quot;itemprop&quot;:&quot;image&quot;},{&quot;src&quot;:&quot;https:\\\/\\\/cloud.alqueria.es\\\/wp-content\\\/uploads\\\/sites\\\/5\\\/2026\\\/05\\\/PHOTO-2026-04-28-13-49-47-20.jpg&quot;,&quot;id&quot;:&quot;20204&quot;,&quot;title&quot;:&quot;PHOTO-2026-04-28-13-49-47 (20)&quot;,&quot;alt&quot;:&quot;&quot;,&quot;caption&quot;:&quot;&quot;,&quot;itemprop&quot;:&quot;image&quot;},{&quot;src&quot;:&quot;https:\\\/\\\/cloud.alqueria.es\\\/wp-content\\\/uploads\\\/sites\\\/5\\\/2026\\\/05\\\/PHOTO-2026-04-28-13-49-47-21.jpg&quot;,&quot;id&quot;:&quot;20205&quot;,&quot;title&quot;:&quot;PHOTO-2026-04-28-13-49-47 (21)&quot;,&quot;alt&quot;:&quot;&quot;,&quot;caption&quot;:&quot;&quot;,&quot;itemprop&quot;:&quot;image&quot;},{&quot;src&quot;:&quot;https:\\\/\\\/cloud.alqueria.es\\\/wp-content\\\/uploads\\\/sites\\\/5\\\/2026\\\/05\\\/PHOTO-2026-04-28-13-49-47-22.jpg&quot;,&quot;id&quot;:&quot;20206&quot;,&quot;title&quot;:&quot;PHOTO-2026-04-28-13-49-47 (22)&quot;,&quot;alt&quot;:&quot;&quot;,&quot;caption&quot;:&quot;&quot;,&quot;itemprop&quot;:&quot;image&quot;},{&quot;src&quot;:&quot;https:\\\/\\\/cloud.alqueria.es\\\/wp-content\\\/uploads\\\/sites\\\/5\\\/2026\\\/05\\\/PHOTO-2026-04-28-13-49-47-23.jpg&quot;,&quot;id&quot;:&quot;20207&quot;,&quot;title&quot;:&quot;PHOTO-2026-04-28-13-49-47 (23)&quot;,&quot;alt&quot;:&quot;&quot;,&quot;caption&quot;:&quot;&quot;,&quot;itemprop&quot;:&quot;image&quot;}]\" itemscope itemtype=\"https:\/\/schema.org\/ImageGallery\"><\/div>\n<p><strong><span style=\"color: #800080\">Laboratorio vegetal<\/span><\/strong> en el aula de Biolog\u00eda y Geolog\u00eda. En esta actividad han recogido muestras de distintas hojas del patio y han procedido a realizar un experimento para comprobar la capilaridad.<\/p>\n<p class=\"jetpack-slideshow-noscript robots-nocontent\">El pase de diapositivas requiere JavaScript.<\/p><div id=\"gallery-20189-3-slideshow\" class=\"jetpack-slideshow-window jetpack-slideshow jetpack-slideshow-black\" data-trans=\"fade\" data-autostart=\"1\" data-gallery=\"[{&quot;src&quot;:&quot;https:\\\/\\\/cloud.alqueria.es\\\/wp-content\\\/uploads\\\/sites\\\/5\\\/2026\\\/05\\\/PHOTO-2026-04-28-13-49-47-6.jpg&quot;,&quot;id&quot;:&quot;20208&quot;,&quot;title&quot;:&quot;PHOTO-2026-04-28-13-49-47 (6)&quot;,&quot;alt&quot;:&quot;&quot;,&quot;caption&quot;:&quot;&quot;,&quot;itemprop&quot;:&quot;image&quot;},{&quot;src&quot;:&quot;https:\\\/\\\/cloud.alqueria.es\\\/wp-content\\\/uploads\\\/sites\\\/5\\\/2026\\\/05\\\/PHOTO-2026-04-28-13-49-47-11.jpg&quot;,&quot;id&quot;:&quot;20209&quot;,&quot;title&quot;:&quot;PHOTO-2026-04-28-13-49-47 (11)&quot;,&quot;alt&quot;:&quot;&quot;,&quot;caption&quot;:&quot;&quot;,&quot;itemprop&quot;:&quot;image&quot;},{&quot;src&quot;:&quot;https:\\\/\\\/cloud.alqueria.es\\\/wp-content\\\/uploads\\\/sites\\\/5\\\/2026\\\/05\\\/PHOTO-2026-04-28-13-49-47-15.jpg&quot;,&quot;id&quot;:&quot;20210&quot;,&quot;title&quot;:&quot;PHOTO-2026-04-28-13-49-47 (15)&quot;,&quot;alt&quot;:&quot;&quot;,&quot;caption&quot;:&quot;&quot;,&quot;itemprop&quot;:&quot;image&quot;},{&quot;src&quot;:&quot;https:\\\/\\\/cloud.alqueria.es\\\/wp-content\\\/uploads\\\/sites\\\/5\\\/2026\\\/05\\\/PHOTO-2026-04-28-13-49-47-18.jpg&quot;,&quot;id&quot;:&quot;20211&quot;,&quot;title&quot;:&quot;PHOTO-2026-04-28-13-49-47 (18)&quot;,&quot;alt&quot;:&quot;&quot;,&quot;caption&quot;:&quot;&quot;,&quot;itemprop&quot;:&quot;image&quot;},{&quot;src&quot;:&quot;https:\\\/\\\/cloud.alqueria.es\\\/wp-content\\\/uploads\\\/sites\\\/5\\\/2026\\\/05\\\/PHOTO-2026-04-28-13-49-48-3.jpg&quot;,&quot;id&quot;:&quot;20212&quot;,&quot;title&quot;:&quot;PHOTO-2026-04-28-13-49-48 (3)&quot;,&quot;alt&quot;:&quot;&quot;,&quot;caption&quot;:&quot;&quot;,&quot;itemprop&quot;:&quot;image&quot;},{&quot;src&quot;:&quot;https:\\\/\\\/cloud.alqueria.es\\\/wp-content\\\/uploads\\\/sites\\\/5\\\/2026\\\/05\\\/PHOTO-2026-04-28-13-49-48-4.jpg&quot;,&quot;id&quot;:&quot;20213&quot;,&quot;title&quot;:&quot;PHOTO-2026-04-28-13-49-48 (4)&quot;,&quot;alt&quot;:&quot;&quot;,&quot;caption&quot;:&quot;&quot;,&quot;itemprop&quot;:&quot;image&quot;},{&quot;src&quot;:&quot;https:\\\/\\\/cloud.alqueria.es\\\/wp-content\\\/uploads\\\/sites\\\/5\\\/2026\\\/05\\\/PHOTO-2026-04-28-13-49-48-5.jpg&quot;,&quot;id&quot;:&quot;20214&quot;,&quot;title&quot;:&quot;PHOTO-2026-04-28-13-49-48 (5)&quot;,&quot;alt&quot;:&quot;&quot;,&quot;caption&quot;:&quot;&quot;,&quot;itemprop&quot;:&quot;image&quot;},{&quot;src&quot;:&quot;https:\\\/\\\/cloud.alqueria.es\\\/wp-content\\\/uploads\\\/sites\\\/5\\\/2026\\\/05\\\/PHOTO-2026-04-28-13-49-48.jpg&quot;,&quot;id&quot;:&quot;20215&quot;,&quot;title&quot;:&quot;PHOTO-2026-04-28-13-49-48&quot;,&quot;alt&quot;:&quot;&quot;,&quot;caption&quot;:&quot;&quot;,&quot;itemprop&quot;:&quot;image&quot;},{&quot;src&quot;:&quot;https:\\\/\\\/cloud.alqueria.es\\\/wp-content\\\/uploads\\\/sites\\\/5\\\/2026\\\/05\\\/PHOTO-2026-04-30-15-47-56-1.jpg&quot;,&quot;id&quot;:&quot;20216&quot;,&quot;title&quot;:&quot;PHOTO-2026-04-30-15-47-56 (1)&quot;,&quot;alt&quot;:&quot;&quot;,&quot;caption&quot;:&quot;&quot;,&quot;itemprop&quot;:&quot;image&quot;},{&quot;src&quot;:&quot;https:\\\/\\\/cloud.alqueria.es\\\/wp-content\\\/uploads\\\/sites\\\/5\\\/2026\\\/05\\\/PHOTO-2026-04-30-15-47-56.jpg&quot;,&quot;id&quot;:&quot;20217&quot;,&quot;title&quot;:&quot;PHOTO-2026-04-30-15-47-56&quot;,&quot;alt&quot;:&quot;&quot;,&quot;caption&quot;:&quot;&quot;,&quot;itemprop&quot;:&quot;image&quot;},{&quot;src&quot;:&quot;https:\\\/\\\/cloud.alqueria.es\\\/wp-content\\\/uploads\\\/sites\\\/5\\\/2026\\\/05\\\/PHOTO-2026-04-30-15-48-01.jpg&quot;,&quot;id&quot;:&quot;20218&quot;,&quot;title&quot;:&quot;PHOTO-2026-04-30-15-48-01&quot;,&quot;alt&quot;:&quot;&quot;,&quot;caption&quot;:&quot;&quot;,&quot;itemprop&quot;:&quot;image&quot;}]\" itemscope itemtype=\"https:\/\/schema.org\/ImageGallery\"><\/div>\n<p><strong><span style=\"color: #800080\">Orientaci\u00f3n en espacios verdes<\/span> <\/strong>desde el \u00e1rea de Educaci\u00f3n F\u00edsica. Aqu\u00ed nos han explicado en qu\u00e9 consiste la Orientaci\u00f3n, la importancia de planificar, organizar, descubrir a la vez que colaboramos en equipo para interpretar correctamente y desarrollar las tareas que nos piden en el mapa de orientaci\u00f3n.<\/p>\n<p class=\"jetpack-slideshow-noscript robots-nocontent\">El pase de diapositivas requiere JavaScript.<\/p><div id=\"gallery-20189-4-slideshow\" class=\"jetpack-slideshow-window jetpack-slideshow jetpack-slideshow-black\" data-trans=\"fade\" data-autostart=\"1\" data-gallery=\"[{&quot;src&quot;:&quot;https:\\\/\\\/cloud.alqueria.es\\\/wp-content\\\/uploads\\\/sites\\\/5\\\/2026\\\/05\\\/PHOTO-2026-04-28-13-49-47-8.jpg&quot;,&quot;id&quot;:&quot;20220&quot;,&quot;title&quot;:&quot;PHOTO-2026-04-28-13-49-47 (8)&quot;,&quot;alt&quot;:&quot;&quot;,&quot;caption&quot;:&quot;&quot;,&quot;itemprop&quot;:&quot;image&quot;},{&quot;src&quot;:&quot;https:\\\/\\\/cloud.alqueria.es\\\/wp-content\\\/uploads\\\/sites\\\/5\\\/2026\\\/05\\\/PHOTO-2026-04-28-13-49-48-1.jpg&quot;,&quot;id&quot;:&quot;20221&quot;,&quot;title&quot;:&quot;PHOTO-2026-04-28-13-49-48 (1)&quot;,&quot;alt&quot;:&quot;&quot;,&quot;caption&quot;:&quot;&quot;,&quot;itemprop&quot;:&quot;image&quot;},{&quot;src&quot;:&quot;https:\\\/\\\/cloud.alqueria.es\\\/wp-content\\\/uploads\\\/sites\\\/5\\\/2026\\\/05\\\/PHOTO-2026-04-28-13-49-48-2.jpg&quot;,&quot;id&quot;:&quot;20222&quot;,&quot;title&quot;:&quot;PHOTO-2026-04-28-13-49-48 (2)&quot;,&quot;alt&quot;:&quot;&quot;,&quot;caption&quot;:&quot;&quot;,&quot;itemprop&quot;:&quot;image&quot;},{&quot;src&quot;:&quot;https:\\\/\\\/cloud.alqueria.es\\\/wp-content\\\/uploads\\\/sites\\\/5\\\/2026\\\/05\\\/PHOTO-2026-04-30-15-48-02-1.jpg&quot;,&quot;id&quot;:&quot;20223&quot;,&quot;title&quot;:&quot;PHOTO-2026-04-30-15-48-02 (1)&quot;,&quot;alt&quot;:&quot;&quot;,&quot;caption&quot;:&quot;&quot;,&quot;itemprop&quot;:&quot;image&quot;},{&quot;src&quot;:&quot;https:\\\/\\\/cloud.alqueria.es\\\/wp-content\\\/uploads\\\/sites\\\/5\\\/2026\\\/05\\\/PHOTO-2026-04-30-15-48-05-1.jpg&quot;,&quot;id&quot;:&quot;20224&quot;,&quot;title&quot;:&quot;PHOTO-2026-04-30-15-48-05 (1)&quot;,&quot;alt&quot;:&quot;&quot;,&quot;caption&quot;:&quot;&quot;,&quot;itemprop&quot;:&quot;image&quot;},{&quot;src&quot;:&quot;https:\\\/\\\/cloud.alqueria.es\\\/wp-content\\\/uploads\\\/sites\\\/5\\\/2026\\\/05\\\/PHOTO-2026-04-30-15-48-05.jpg&quot;,&quot;id&quot;:&quot;20225&quot;,&quot;title&quot;:&quot;PHOTO-2026-04-30-15-48-05&quot;,&quot;alt&quot;:&quot;&quot;,&quot;caption&quot;:&quot;&quot;,&quot;itemprop&quot;:&quot;image&quot;},{&quot;src&quot;:&quot;https:\\\/\\\/cloud.alqueria.es\\\/wp-content\\\/uploads\\\/sites\\\/5\\\/2026\\\/05\\\/PHOTO-2026-04-30-15-48-15.jpg&quot;,&quot;id&quot;:&quot;20226&quot;,&quot;title&quot;:&quot;PHOTO-2026-04-30-15-48-15&quot;,&quot;alt&quot;:&quot;&quot;,&quot;caption&quot;:&quot;&quot;,&quot;itemprop&quot;:&quot;image&quot;}]\" itemscope itemtype=\"https:\/\/schema.org\/ImageGallery\"><\/div>\n<p>Y como no pod\u00eda ser de otra manera, el equipo de Encuentro nos ha preparado un riqu\u00edsimo desayuno en el comedor con el que hemos podido recargar fuerzas para continuar el d\u00eda.<\/p>\n<p>Muchas gracias a Aida, Sergio y a todo el profesorado y alumnado que nos ha acompa\u00f1ado durante este d\u00eda. Los ni\u00f1os y ni\u00f1as de quinto han disfrutado de todas las actividades, de los espacios, del alumnado. Muchas gracias a todos y todas por la acogida.<\/p>\n<p><strong><span style=\"color: #0000ff\">Concierto del Proyecto Amplificarte\u00a0 de la Fundaci\u00f3n Princesa de Girona<\/span><\/strong><\/p>\n<p>El mi\u00e9rcoles 29 de abril en el jard\u00edn de Alquer\u00eda tuvo lugar un concierto did\u00e1ctico ofrecido por la Fundaci\u00f3n Princesa de Girona, con motivo de la entrega de los premios de arte de esta fundaci\u00f3n que tuvieron lugar el mismo mi\u00e9rcoles por la ma\u00f1ana en el Auditorio Manuel de Falla.<\/p>\n<p>El proyecto AMPLIFICARTE ha sido presentado a m\u00e1s de 100.000 j\u00f3venes.\u00a0 El proyecto cuenta con la actuaci\u00f3n de dos cantantes, la presentadora que es Bel\u00e9n Quir\u00f3s y Gonzalo encargado del sonido, que recorren Espa\u00f1a desarrollando una propuesta did\u00e1ctica relacionando la m\u00fasica con las emociones, sentimientos, y c\u00f3mo la m\u00fasica ayuda a la resiliencia, al cambio y a la regulaci\u00f3n emocional.<\/p>\n<p>Las dos cantantes que han estado en Alquer\u00eda han sido Augusta\u00a0 \u00a0que canto: \u00abMil pedazos\u00bb, que habla de la necesidad de sobreponerse, seguir luchando aunque duela.\u00a0 \u00abNo logro convencerme\u00bb y \u00bb Qu\u00e9 ser\u00e1 que tiene ella\u00bb.<\/p>\n<p>Por otra parte, Susana Rend\u00f3n nos cant\u00f3: \u00abPens\u00e9\u00bb, \u00abMi fan m\u00e1s fiel\u00bb donde nos habl\u00f3 de que uno mismo es su fan m\u00e1s importante, y de la necesidad de querernos a nosotros mismos, y por \u00faltimo, \u00bb Universo de papel\u00bb.<\/p>\n<p class=\"jetpack-slideshow-noscript robots-nocontent\">El pase de diapositivas requiere JavaScript.<\/p><div id=\"gallery-20189-5-slideshow\" class=\"jetpack-slideshow-window jetpack-slideshow jetpack-slideshow-black\" data-trans=\"fade\" data-autostart=\"1\" data-gallery=\"[{&quot;src&quot;:&quot;https:\\\/\\\/cloud.alqueria.es\\\/wp-content\\\/uploads\\\/sites\\\/5\\\/2026\\\/05\\\/PHOTO-2026-05-01-08-32-20-2.jpg&quot;,&quot;id&quot;:&quot;20227&quot;,&quot;title&quot;:&quot;PHOTO-2026-05-01-08-32-20 (2)&quot;,&quot;alt&quot;:&quot;&quot;,&quot;caption&quot;:&quot;&quot;,&quot;itemprop&quot;:&quot;image&quot;},{&quot;src&quot;:&quot;https:\\\/\\\/cloud.alqueria.es\\\/wp-content\\\/uploads\\\/sites\\\/5\\\/2026\\\/05\\\/PHOTO-2026-05-01-08-32-20-4.jpg&quot;,&quot;id&quot;:&quot;20228&quot;,&quot;title&quot;:&quot;PHOTO-2026-05-01-08-32-20 (4)&quot;,&quot;alt&quot;:&quot;&quot;,&quot;caption&quot;:&quot;&quot;,&quot;itemprop&quot;:&quot;image&quot;},{&quot;src&quot;:&quot;https:\\\/\\\/cloud.alqueria.es\\\/wp-content\\\/uploads\\\/sites\\\/5\\\/2026\\\/05\\\/PHOTO-2026-05-01-08-32-20-5.jpg&quot;,&quot;id&quot;:&quot;20229&quot;,&quot;title&quot;:&quot;PHOTO-2026-05-01-08-32-20 (5)&quot;,&quot;alt&quot;:&quot;&quot;,&quot;caption&quot;:&quot;&quot;,&quot;itemprop&quot;:&quot;image&quot;},{&quot;src&quot;:&quot;https:\\\/\\\/cloud.alqueria.es\\\/wp-content\\\/uploads\\\/sites\\\/5\\\/2026\\\/05\\\/PHOTO-2026-05-01-08-32-20-7.jpg&quot;,&quot;id&quot;:&quot;20230&quot;,&quot;title&quot;:&quot;PHOTO-2026-05-01-08-32-20 (7)&quot;,&quot;alt&quot;:&quot;&quot;,&quot;caption&quot;:&quot;&quot;,&quot;itemprop&quot;:&quot;image&quot;},{&quot;src&quot;:&quot;https:\\\/\\\/cloud.alqueria.es\\\/wp-content\\\/uploads\\\/sites\\\/5\\\/2026\\\/05\\\/PHOTO-2026-05-01-08-32-21-2.jpg&quot;,&quot;id&quot;:&quot;20231&quot;,&quot;title&quot;:&quot;PHOTO-2026-05-01-08-32-21 (2)&quot;,&quot;alt&quot;:&quot;&quot;,&quot;caption&quot;:&quot;&quot;,&quot;itemprop&quot;:&quot;image&quot;},{&quot;src&quot;:&quot;https:\\\/\\\/cloud.alqueria.es\\\/wp-content\\\/uploads\\\/sites\\\/5\\\/2026\\\/05\\\/PHOTO-2026-05-01-08-32-21-4.jpg&quot;,&quot;id&quot;:&quot;20232&quot;,&quot;title&quot;:&quot;PHOTO-2026-05-01-08-32-21 (4)&quot;,&quot;alt&quot;:&quot;&quot;,&quot;caption&quot;:&quot;&quot;,&quot;itemprop&quot;:&quot;image&quot;}]\" itemscope itemtype=\"https:\/\/schema.org\/ImageGallery\"><\/div>\n<p>Buen fin de Semana<\/p>\n<p>Isabel Rosales<\/p>\n","protected":false},"excerpt":{"rendered":"<p>Estimadas familias, el grupo de quinto ha estado desarrollando a lo largo de todo el curso escolar Un Proyecto de Emprendimiento, que ha supuesto un gran trabajo a nivel individual, colectivo y que ha permitido cooperar, colaborar, hacernos m\u00e1s fuerte a nivel de equipo,\u00a0 En la pr\u00f3xima entrada desarrollaremos las \u00faltimas partes del proyecto, El &hellip; <a href=\"https:\/\/www.alqueria.es\/blogs\/colegioalqueriatercerciclo\/2026\/05\/01\/visita-encuentro-educacion-y-amplificarte\/\" class=\"more-link\">Seguir leyendo <span class=\"screen-reader-text\">Visita Encuentro Educaci\u00f3n y Amplificarte<\/span> <span class=\"meta-nav\">&rarr;<\/span><\/a><\/p>\n","protected":false},"author":9,"featured_media":0,"comment_status":"open","ping_status":"open","sticky":false,"template":"","format":"standard","meta":{"jetpack_post_was_ever_published":false,"_jetpack_newsletter_access":"","_jetpack_dont_email_post_to_subs":false,"_jetpack_newsletter_tier_id":0,"_jetpack_memberships_contains_paywalled_content":false,"_jetpack_memberships_contains_paid_content":false,"footnotes":"","jetpack_publicize_message":"","jetpack_publicize_feature_enabled":true,"jetpack_social_post_already_shared":true,"jetpack_social_options":{"image_generator_settings":{"template":"highway","default_image_id":0,"font":"","enabled":false},"version":2}},"categories":[2,668,14],"tags":[325,179],"class_list":["post-20189","post","type-post","status-publish","format-standard","hentry","category-5o-epo","category-emprendimiento","category-semanario-5o","tag-informacion-a-familias","tag-semanario-5o"],"jetpack_publicize_connections":[],"jetpack_featured_media_url":"","jetpack_sharing_enabled":true,"jetpack_shortlink":"https:\/\/wp.me\/p4l4AW-5fD","jetpack-related-posts":[],"_links":{"self":[{"href":"https:\/\/www.alqueria.es\/blogs\/colegioalqueriatercerciclo\/wp-json\/wp\/v2\/posts\/20189","targetHints":{"allow":["GET"]}}],"collection":[{"href":"https:\/\/www.alqueria.es\/blogs\/colegioalqueriatercerciclo\/wp-json\/wp\/v2\/posts"}],"about":[{"href":"https:\/\/www.alqueria.es\/blogs\/colegioalqueriatercerciclo\/wp-json\/wp\/v2\/types\/post"}],"author":[{"embeddable":true,"href":"https:\/\/www.alqueria.es\/blogs\/colegioalqueriatercerciclo\/wp-json\/wp\/v2\/users\/9"}],"replies":[{"embeddable":true,"href":"https:\/\/www.alqueria.es\/blogs\/colegioalqueriatercerciclo\/wp-json\/wp\/v2\/comments?post=20189"}],"version-history":[{"count":3,"href":"https:\/\/www.alqueria.es\/blogs\/colegioalqueriatercerciclo\/wp-json\/wp\/v2\/posts\/20189\/revisions"}],"predecessor-version":[{"id":20235,"href":"https:\/\/www.alqueria.es\/blogs\/colegioalqueriatercerciclo\/wp-json\/wp\/v2\/posts\/20189\/revisions\/20235"}],"wp:attachment":[{"href":"https:\/\/www.alqueria.es\/blogs\/colegioalqueriatercerciclo\/wp-json\/wp\/v2\/media?parent=20189"}],"wp:term":[{"taxonomy":"category","embeddable":true,"href":"https:\/\/www.alqueria.es\/blogs\/colegioalqueriatercerciclo\/wp-json\/wp\/v2\/categories?post=20189"},{"taxonomy":"post_tag","embeddable":true,"href":"https:\/\/www.alqueria.es\/blogs\/colegioalqueriatercerciclo\/wp-json\/wp\/v2\/tags?post=20189"}],"curies":[{"name":"wp","href":"https:\/\/api.w.org\/{rel}","templated":true}]}}