{"id":2576,"date":"2014-05-08T11:17:40","date_gmt":"2014-05-08T09:17:40","guid":{"rendered":"https:\/\/www.alqueria.es\/blogs\/colegioalqueria\/?p=2576"},"modified":"2014-05-08T20:27:01","modified_gmt":"2014-05-08T18:27:01","slug":"algunas-curiosidades","status":"publish","type":"post","link":"https:\/\/www.alqueria.es\/blogs\/colegioalqueriatercerciclo\/2014\/05\/08\/algunas-curiosidades\/","title":{"rendered":"Algunas curiosidades&#8230;"},"content":{"rendered":"<span class=\"embed-youtube\" style=\"text-align:center; display: block;\"><div class=\"a25-CTUOC-hidding-box\" data-original-content=\"&lt;iframe loading=&quot;lazy&quot; class=&quot;youtube-player&quot; width=&quot;474&quot; height=&quot;267&quot; src=&quot;https:\/\/www.youtube.com\/embed\/CSXZ8tgitvs?version=3&amp;#038;rel=0&amp;#038;showsearch=0&amp;#038;showinfo=1&amp;#038;iv_load_policy=1&amp;#038;fs=1&amp;#038;hl=es-ES&amp;#038;autohide=2&amp;#038;wmode=transparent&quot; allowfullscreen=&quot;true&quot; style=&quot;border:0;&quot; sandbox=&quot;allow-scripts allow-same-origin allow-popups allow-presentation allow-popups-to-escape-sandbox&quot;&gt;&lt;\/iframe&gt;\">Esta p\u00e1gina incluye contenido multimedia que requiere aceptar todas las cookies. Pulse aqu\u00ed para abrir la configuraci\u00f3n de cookies.<\/div><\/span>\n<p>&nbsp;<\/p>\n<p>El d\u00eda 8 de mayo, a las 12h. se expone en la Universidad de Granada el <a href=\"http:\/\/proyectolunatico.blogspot.com.es\/\" target=\"_blank\"><span style=\"color: #3366ff\">Proyecto Lun\u00e1TICos 2.0<\/span><\/a> con el que colaboramos en el mes de enero,\u00a0<span style=\"color: #808000\">\u00abNaturaleza Inspirada\u00bb<\/span>. Este proyecto est\u00e1 basado en la creaci\u00f3n de poemas inspir\u00e1ndose en obras de Dal\u00ed (en nuestro caso), m\u00fasica con la tem\u00e1tica de naturaleza y obras de autores conocidos. Tras la lectura y audici\u00f3n, los chavales de Alquer\u00eda y Virgen de la Cabeza de Motril, conectan v\u00eda Google drive para comenzar a elaborar poemas. Lo primero fue crear una lista conjunta de sustantivos y adjetivos, despu\u00e9s versos, y finalmente, conectar todos los versos formando estrofas rimadas seg\u00fan les \u00edbamos indicando Ana Galindo y yo.<\/p>\n<p>La presentaci\u00f3n del programa en la UGR la pod\u00e9is ver en el mismo blog de Lun\u00e1TICos 2.0:<\/p>\n<p><a href=\"http:\/\/proyectolunatico.blogspot.com.es\/2014\/05\/preparacion-de-la-presentacion-de.html\"><img decoding=\"async\" data-attachment-id=\"2578\" data-permalink=\"https:\/\/www.alqueria.es\/blogs\/colegioalqueriatercerciclo\/2014\/05\/08\/algunas-curiosidades\/captura-26\/\" data-orig-file=\"https:\/\/www.alqueria.es\/blogs\/colegioalqueriatercerciclo\/wp-content\/uploads\/sites\/5\/2014\/05\/Captura.png\" data-orig-size=\"549,466\" data-comments-opened=\"1\" data-image-meta=\"{&quot;aperture&quot;:&quot;0&quot;,&quot;credit&quot;:&quot;&quot;,&quot;camera&quot;:&quot;&quot;,&quot;caption&quot;:&quot;&quot;,&quot;created_timestamp&quot;:&quot;0&quot;,&quot;copyright&quot;:&quot;&quot;,&quot;focal_length&quot;:&quot;0&quot;,&quot;iso&quot;:&quot;0&quot;,&quot;shutter_speed&quot;:&quot;0&quot;,&quot;title&quot;:&quot;&quot;}\" data-image-title=\"Lun\u00e1ticos ugr\" data-image-description=\"\" data-image-caption=\"\" data-large-file=\"https:\/\/www.alqueria.es\/blogs\/colegioalqueriatercerciclo\/wp-content\/uploads\/sites\/5\/2014\/05\/Captura.png\" class=\"aligncenter size-full wp-image-2578\" src=\"https:\/\/cloud.alqueria.es\/wp-content\/uploads\/sites\/5\/2014\/05\/Captura.png\" alt=\"Lun\u00e1ticos ugr\" width=\"549\" height=\"466\" srcset=\"https:\/\/www.alqueria.es\/blogs\/colegioalqueriatercerciclo\/wp-content\/uploads\/sites\/5\/2014\/05\/Captura.png 549w, https:\/\/www.alqueria.es\/blogs\/colegioalqueriatercerciclo\/wp-content\/uploads\/sites\/5\/2014\/05\/Captura-300x254.png 300w\" sizes=\"(max-width: 549px) 100vw, 549px\" \/><\/a><\/p>\n<p>Tras este resumen, en la UGR, los chavales de Virgen de la Cabeza junto a Ana Galindo, exponen a los nuevos maestros de magisterio la forma de trabajar las nuevas herramientas 2.0 y la colaboraci\u00f3n entre los m\u00e1s peque\u00f1os. \u00a0 Estamos muy contentos de haber colaborado con ellos ya que los resultados han sido muy satisfactorios. \u00a1Enhorabuena a ambas clases!<\/p>\n<p>Los trabajos que realizamos los pod\u00e9is encontrar en el siguiente enlace al blog de <a href=\"http:\/\/proyectolunatico.blogspot.com.es\/search\/label\/Alquer%C3%ADa\" target=\"_blank\">Lun\u00e1TICos 2.0.<\/a><\/p>\n<p>Por otra parte, el tercer ciclo ha sido finalista en el concurso de Blogs de alumnos de Primaria de Espiral Edublogs. Estamos muy contentos por el trabajo llevado a cabo en el mismo, por la creaci\u00f3n de textos creativos, conferencias publicadas y curiosidades de bit\u00e1cora. El d\u00eda 17 de mayo descubriremos si estamos entre los cuatro finalistas. Ahora estamos entre los seis primeros.<\/p>\n<p><a href=\"http:\/\/espiraledublogs.org\/comunidad\/Edublogs\/recurso\/finalistas-viii-premio-espiral-edublogs\/ba24c9aa-b257-4ec7-b535-6ed5a01ccf52\"><img decoding=\"async\" data-attachment-id=\"2579\" data-permalink=\"https:\/\/www.alqueria.es\/blogs\/colegioalqueriatercerciclo\/2014\/05\/08\/algunas-curiosidades\/captura-27\/\" data-orig-file=\"https:\/\/www.alqueria.es\/blogs\/colegioalqueriatercerciclo\/wp-content\/uploads\/sites\/5\/2014\/05\/Captura1.png\" data-orig-size=\"888,213\" data-comments-opened=\"1\" data-image-meta=\"{&quot;aperture&quot;:&quot;0&quot;,&quot;credit&quot;:&quot;&quot;,&quot;camera&quot;:&quot;&quot;,&quot;caption&quot;:&quot;&quot;,&quot;created_timestamp&quot;:&quot;0&quot;,&quot;copyright&quot;:&quot;&quot;,&quot;focal_length&quot;:&quot;0&quot;,&quot;iso&quot;:&quot;0&quot;,&quot;shutter_speed&quot;:&quot;0&quot;,&quot;title&quot;:&quot;&quot;}\" data-image-title=\"Captura\" data-image-description=\"\" data-image-caption=\"\" data-large-file=\"https:\/\/www.alqueria.es\/blogs\/colegioalqueriatercerciclo\/wp-content\/uploads\/sites\/5\/2014\/05\/Captura1.png\" class=\"aligncenter size-full wp-image-2579\" src=\"https:\/\/cloud.alqueria.es\/wp-content\/uploads\/sites\/5\/2014\/05\/Captura1.png\" alt=\"Captura\" width=\"888\" height=\"213\" srcset=\"https:\/\/www.alqueria.es\/blogs\/colegioalqueriatercerciclo\/wp-content\/uploads\/sites\/5\/2014\/05\/Captura1.png 888w, https:\/\/www.alqueria.es\/blogs\/colegioalqueriatercerciclo\/wp-content\/uploads\/sites\/5\/2014\/05\/Captura1-300x71.png 300w\" sizes=\"(max-width: 888px) 100vw, 888px\" \/><\/a><\/p>\n<p>La clase de sexto anda trabajando varios contenidos que intentamos dejar cerrados en estas primeras semanas de mayo.<\/p>\n<p>En matem\u00e1ticas, estamos resolviendo las distintas superficies de las figuras planas que conocemos. Esta vez, desarrollamos en el cuaderno todos los supuestos, resolvemos dudas y problemas, para luego autoevaluarnos mediante una r\u00fabrica.<\/p>\n<p>Los distintos tipos de complementos del predicado (directo, indirecto y circunstancial) son los que aparecen en las oraciones. Se ha planteado de una manera muy sencilla, clara y visual para que lo localicen r\u00e1pido en los ejercicios.<\/p>\n<p>En conocimiento del medio, hemos cerrado la parte del clima y vertientes de Europa y acabamos con los distintos continentes, su relieve. Tras esto, el viernes comenzamos a ver la historia de Sevilla.<\/p>\n<p><span style=\"color: #ff0000\">Jorge<\/span><\/p>\n","protected":false},"excerpt":{"rendered":"<p>&nbsp; El d\u00eda 8 de mayo, a las 12h. se expone en la Universidad de Granada el Proyecto Lun\u00e1TICos 2.0 con el que colaboramos en el mes de enero,\u00a0\u00abNaturaleza Inspirada\u00bb. Este proyecto est\u00e1 basado en la creaci\u00f3n de poemas inspir\u00e1ndose en obras de Dal\u00ed (en nuestro caso), m\u00fasica con la tem\u00e1tica de naturaleza y obras &hellip; <a href=\"https:\/\/www.alqueria.es\/blogs\/colegioalqueriatercerciclo\/2014\/05\/08\/algunas-curiosidades\/\" class=\"more-link\">Seguir leyendo <span class=\"screen-reader-text\">Algunas curiosidades&#8230;<\/span> <span class=\"meta-nav\">&rarr;<\/span><\/a><\/p>\n","protected":false},"author":3,"featured_media":0,"comment_status":"open","ping_status":"open","sticky":false,"template":"","format":"standard","meta":{"jetpack_post_was_ever_published":false,"_jetpack_newsletter_access":"","_jetpack_dont_email_post_to_subs":false,"_jetpack_newsletter_tier_id":0,"_jetpack_memberships_contains_paywalled_content":false,"_jetpack_memberships_contains_paid_content":false,"footnotes":"","jetpack_publicize_message":"","jetpack_publicize_feature_enabled":true,"jetpack_social_post_already_shared":true,"jetpack_social_options":{"image_generator_settings":{"template":"highway","default_image_id":0,"font":"","enabled":false},"version":2}},"categories":[3,15],"tags":[60,180,134],"class_list":["post-2576","post","type-post","status-publish","format-standard","hentry","category-6o-epo","category-semanario-6o","tag-lunaticos-2-0","tag-semanario-6o","tag-viii-premio-espiral-edublogs"],"jetpack_publicize_connections":[],"jetpack_featured_media_url":"","jetpack_sharing_enabled":true,"jetpack_shortlink":"https:\/\/wp.me\/p4l4AW-Fy","jetpack-related-posts":[],"_links":{"self":[{"href":"https:\/\/www.alqueria.es\/blogs\/colegioalqueriatercerciclo\/wp-json\/wp\/v2\/posts\/2576","targetHints":{"allow":["GET"]}}],"collection":[{"href":"https:\/\/www.alqueria.es\/blogs\/colegioalqueriatercerciclo\/wp-json\/wp\/v2\/posts"}],"about":[{"href":"https:\/\/www.alqueria.es\/blogs\/colegioalqueriatercerciclo\/wp-json\/wp\/v2\/types\/post"}],"author":[{"embeddable":true,"href":"https:\/\/www.alqueria.es\/blogs\/colegioalqueriatercerciclo\/wp-json\/wp\/v2\/users\/3"}],"replies":[{"embeddable":true,"href":"https:\/\/www.alqueria.es\/blogs\/colegioalqueriatercerciclo\/wp-json\/wp\/v2\/comments?post=2576"}],"version-history":[{"count":0,"href":"https:\/\/www.alqueria.es\/blogs\/colegioalqueriatercerciclo\/wp-json\/wp\/v2\/posts\/2576\/revisions"}],"wp:attachment":[{"href":"https:\/\/www.alqueria.es\/blogs\/colegioalqueriatercerciclo\/wp-json\/wp\/v2\/media?parent=2576"}],"wp:term":[{"taxonomy":"category","embeddable":true,"href":"https:\/\/www.alqueria.es\/blogs\/colegioalqueriatercerciclo\/wp-json\/wp\/v2\/categories?post=2576"},{"taxonomy":"post_tag","embeddable":true,"href":"https:\/\/www.alqueria.es\/blogs\/colegioalqueriatercerciclo\/wp-json\/wp\/v2\/tags?post=2576"}],"curies":[{"name":"wp","href":"https:\/\/api.w.org\/{rel}","templated":true}]}}