{"id":3767,"date":"2016-02-19T16:52:17","date_gmt":"2016-02-19T15:52:17","guid":{"rendered":"https:\/\/www.alqueria.es\/blogs\/colegioalqueria\/?p=3767"},"modified":"2016-02-19T16:52:55","modified_gmt":"2016-02-19T15:52:55","slug":"3767","status":"publish","type":"post","link":"https:\/\/www.alqueria.es\/blogs\/colegioalqueriatercerciclo\/2016\/02\/19\/3767\/","title":{"rendered":"Vuelta al ritmo habitual de clase."},"content":{"rendered":"<p>Retomamos el ritmo habitual de clase tras la intensa Semana Cultural celebrada la semana pasada, que nos ha aportado experiencias y situaciones de aprendizaje muy enriquecedoras.<\/p>\n<p style=\"text-align: justify\">Volvemos a nuestro trabajo sobre los n\u00fameros decimales, esta semana hemos estado trabajando sobre la relaci\u00f3n entre n\u00fameros decimales y fracciones, hemos representado los n\u00fameros decimales en la recta num\u00e9rica para compararlos y para redondearlos.<\/p>\n<p style=\"text-align: justify\">La pr\u00f3xima semana realizaremos una prueba para ir viendo qu\u00e9 contenidos \u00a0est\u00e1n consolidados y cu\u00e1les necesitamos seguir trabajando.<\/p>\n<p><img decoding=\"async\" data-attachment-id=\"3770\" data-permalink=\"https:\/\/www.alqueria.es\/blogs\/colegioalqueriatercerciclo\/2016\/02\/19\/3767\/decimales2\/\" data-orig-file=\"https:\/\/www.alqueria.es\/blogs\/colegioalqueriatercerciclo\/wp-content\/uploads\/sites\/5\/2016\/02\/decimales2.jpg\" data-orig-size=\"871,625\" data-comments-opened=\"1\" data-image-meta=\"{&quot;aperture&quot;:&quot;0&quot;,&quot;credit&quot;:&quot;&quot;,&quot;camera&quot;:&quot;&quot;,&quot;caption&quot;:&quot;&quot;,&quot;created_timestamp&quot;:&quot;0&quot;,&quot;copyright&quot;:&quot;&quot;,&quot;focal_length&quot;:&quot;0&quot;,&quot;iso&quot;:&quot;0&quot;,&quot;shutter_speed&quot;:&quot;0&quot;,&quot;title&quot;:&quot;&quot;,&quot;orientation&quot;:&quot;0&quot;}\" data-image-title=\"decimales2\" data-image-description=\"\" data-image-caption=\"\" data-large-file=\"https:\/\/www.alqueria.es\/blogs\/colegioalqueriatercerciclo\/wp-content\/uploads\/sites\/5\/2016\/02\/decimales2.jpg\" class=\"aligncenter wp-image-3770 size-medium\" src=\"https:\/\/cloud.alqueria.es\/wp-content\/uploads\/sites\/5\/2016\/02\/decimales2-300x215.jpg\" alt=\"decimales2\" width=\"300\" height=\"215\" srcset=\"https:\/\/www.alqueria.es\/blogs\/colegioalqueriatercerciclo\/wp-content\/uploads\/sites\/5\/2016\/02\/decimales2-300x215.jpg 300w, https:\/\/www.alqueria.es\/blogs\/colegioalqueriatercerciclo\/wp-content\/uploads\/sites\/5\/2016\/02\/decimales2-768x551.jpg 768w, https:\/\/www.alqueria.es\/blogs\/colegioalqueriatercerciclo\/wp-content\/uploads\/sites\/5\/2016\/02\/decimales2.jpg 871w\" sizes=\"(max-width: 300px) 100vw, 300px\" \/><\/p>\n<p style=\"text-align: justify\">Me interesa en todo momento contextualizar el trabajo de los n\u00fameros decimales en situaciones vida cotidiana, para que se vaya creando una comprensi\u00f3n significativa.<\/p>\n<p><img decoding=\"async\" data-attachment-id=\"3771\" data-permalink=\"https:\/\/www.alqueria.es\/blogs\/colegioalqueriatercerciclo\/2016\/02\/19\/3767\/decimales3\/\" data-orig-file=\"https:\/\/www.alqueria.es\/blogs\/colegioalqueriatercerciclo\/wp-content\/uploads\/sites\/5\/2016\/02\/decimales3.jpg\" data-orig-size=\"266,190\" data-comments-opened=\"1\" data-image-meta=\"{&quot;aperture&quot;:&quot;0&quot;,&quot;credit&quot;:&quot;&quot;,&quot;camera&quot;:&quot;&quot;,&quot;caption&quot;:&quot;&quot;,&quot;created_timestamp&quot;:&quot;0&quot;,&quot;copyright&quot;:&quot;&quot;,&quot;focal_length&quot;:&quot;0&quot;,&quot;iso&quot;:&quot;0&quot;,&quot;shutter_speed&quot;:&quot;0&quot;,&quot;title&quot;:&quot;&quot;,&quot;orientation&quot;:&quot;0&quot;}\" data-image-title=\"decimales3\" data-image-description=\"\" data-image-caption=\"\" data-large-file=\"https:\/\/www.alqueria.es\/blogs\/colegioalqueriatercerciclo\/wp-content\/uploads\/sites\/5\/2016\/02\/decimales3.jpg\" class=\"aligncenter size-full wp-image-3771\" src=\"https:\/\/cloud.alqueria.es\/wp-content\/uploads\/sites\/5\/2016\/02\/decimales3.jpg\" alt=\"decimales3\" width=\"266\" height=\"190\" \/><\/p>\n<p style=\"text-align: justify\">Por otro lado, en ciencia, completando el trabajo llevado a cabo durante la semana cultural y relacion\u00e1ndolo con nuestro proyecto de las \u00abEco-casas\u00bb, trabajamos sobre la energ\u00eda. La propuesta pretende trabajar sobre el tratamiento de los textos informativos y ciertas estrategias de estudio para dominar la informaci\u00f3n que estos textos contienen. Durante esta semana hemos intentado identificar las palabras o ideas clave, para subrayarlas, hemos elaborado un cuadro de informaci\u00f3n, un esquema y por \u00faltimo nos falta un resumen de la informaci\u00f3n trabajada. El pr\u00f3ximo martes, les plantear\u00e9 que realicen un resumen que recoja todas las ideas estudiadas: qu\u00e9 es la energ\u00eda, formas de energ\u00eda, propiedades de la energ\u00eda, los distintos \u00e1mbitos donde se emplea la energ\u00eda en Espa\u00f1a, las fuentes de energ\u00eda, las consecuencias negativas del uso de la energ\u00eda y las posibles soluciones a estos problemas.<\/p>\n<p style=\"text-align: justify\">Pretendo que puedan ellos desarrollar en un texto todo lo aprendido, enfrentarlos de esta manera a otra manera de expresar lo que han estudiado.<\/p>\n<p style=\"text-align: justify\"><img decoding=\"async\" data-attachment-id=\"3777\" data-permalink=\"https:\/\/www.alqueria.es\/blogs\/colegioalqueriatercerciclo\/2016\/02\/19\/3767\/ahorrar\/\" data-orig-file=\"https:\/\/www.alqueria.es\/blogs\/colegioalqueriatercerciclo\/wp-content\/uploads\/sites\/5\/2016\/02\/Ahorrar.jpg\" data-orig-size=\"255,197\" data-comments-opened=\"1\" data-image-meta=\"{&quot;aperture&quot;:&quot;0&quot;,&quot;credit&quot;:&quot;&quot;,&quot;camera&quot;:&quot;&quot;,&quot;caption&quot;:&quot;&quot;,&quot;created_timestamp&quot;:&quot;0&quot;,&quot;copyright&quot;:&quot;&quot;,&quot;focal_length&quot;:&quot;0&quot;,&quot;iso&quot;:&quot;0&quot;,&quot;shutter_speed&quot;:&quot;0&quot;,&quot;title&quot;:&quot;&quot;,&quot;orientation&quot;:&quot;0&quot;}\" data-image-title=\"Ahorrar\" data-image-description=\"\" data-image-caption=\"\" data-large-file=\"https:\/\/www.alqueria.es\/blogs\/colegioalqueriatercerciclo\/wp-content\/uploads\/sites\/5\/2016\/02\/Ahorrar.jpg\" class=\"aligncenter size-full wp-image-3777\" src=\"https:\/\/cloud.alqueria.es\/wp-content\/uploads\/sites\/5\/2016\/02\/Ahorrar.jpg\" alt=\"Ahorrar\" width=\"255\" height=\"197\" \/><\/p>\n<p style=\"text-align: justify\">En lengua trabajamos con los adjetivos y lo contextualizamos en nuestro taller de escritura con la propuesta que trabajamos esta semana, relacion\u00e1ndola con el trabajo de art\u00edstica: La mejor parte de mi, que esperamos poder compartir con vosotros pronto en el expositor de clase.<\/p>\n<p style=\"text-align: justify\">Por otro lado vuelve nuestra escritura semanal en la bit\u00e1cora, despu\u00e9s de dos semanas de descanso.<br \/>\n<img decoding=\"async\" data-attachment-id=\"3768\" data-permalink=\"https:\/\/www.alqueria.es\/blogs\/colegioalqueriatercerciclo\/2016\/02\/19\/3767\/adjetivos\/\" data-orig-file=\"https:\/\/www.alqueria.es\/blogs\/colegioalqueriatercerciclo\/wp-content\/uploads\/sites\/5\/2016\/02\/adjetivos.jpg\" data-orig-size=\"400,336\" data-comments-opened=\"1\" data-image-meta=\"{&quot;aperture&quot;:&quot;0&quot;,&quot;credit&quot;:&quot;&quot;,&quot;camera&quot;:&quot;&quot;,&quot;caption&quot;:&quot;&quot;,&quot;created_timestamp&quot;:&quot;0&quot;,&quot;copyright&quot;:&quot;&quot;,&quot;focal_length&quot;:&quot;0&quot;,&quot;iso&quot;:&quot;0&quot;,&quot;shutter_speed&quot;:&quot;0&quot;,&quot;title&quot;:&quot;&quot;,&quot;orientation&quot;:&quot;0&quot;}\" data-image-title=\"adjetivos\" data-image-description=\"\" data-image-caption=\"\" data-large-file=\"https:\/\/www.alqueria.es\/blogs\/colegioalqueriatercerciclo\/wp-content\/uploads\/sites\/5\/2016\/02\/adjetivos.jpg\" class=\"aligncenter wp-image-3768 size-medium\" src=\"https:\/\/cloud.alqueria.es\/wp-content\/uploads\/sites\/5\/2016\/02\/adjetivos-300x252.jpg\" alt=\"adjetivos\" width=\"300\" height=\"252\" srcset=\"https:\/\/www.alqueria.es\/blogs\/colegioalqueriatercerciclo\/wp-content\/uploads\/sites\/5\/2016\/02\/adjetivos-300x252.jpg 300w, https:\/\/www.alqueria.es\/blogs\/colegioalqueriatercerciclo\/wp-content\/uploads\/sites\/5\/2016\/02\/adjetivos.jpg 400w\" sizes=\"(max-width: 300px) 100vw, 300px\" \/> Que pas\u00e9is un buen fin de semana.<br \/>\nUn saludo<\/p>\n<p style=\"text-align: justify\">Jose<\/p>\n","protected":false},"excerpt":{"rendered":"<p>Retomamos el ritmo habitual de clase tras la intensa Semana Cultural celebrada la semana pasada, que nos ha aportado experiencias y situaciones de aprendizaje muy enriquecedoras. Volvemos a nuestro trabajo sobre los n\u00fameros decimales, esta semana hemos estado trabajando sobre la relaci\u00f3n entre n\u00fameros decimales y fracciones, hemos representado los n\u00fameros decimales en la recta &hellip; <a href=\"https:\/\/www.alqueria.es\/blogs\/colegioalqueriatercerciclo\/2016\/02\/19\/3767\/\" class=\"more-link\">Seguir leyendo <span class=\"screen-reader-text\">Vuelta al ritmo habitual de clase.<\/span> <span class=\"meta-nav\">&rarr;<\/span><\/a><\/p>\n","protected":false},"author":3,"featured_media":0,"comment_status":"open","ping_status":"open","sticky":false,"template":"","format":"standard","meta":{"jetpack_post_was_ever_published":false,"_jetpack_newsletter_access":"","_jetpack_dont_email_post_to_subs":false,"_jetpack_newsletter_tier_id":0,"_jetpack_memberships_contains_paywalled_content":false,"_jetpack_memberships_contains_paid_content":false,"footnotes":"","jetpack_publicize_message":"","jetpack_publicize_feature_enabled":true,"jetpack_social_post_already_shared":true,"jetpack_social_options":{"image_generator_settings":{"template":"highway","default_image_id":0,"font":"","enabled":false},"version":2}},"categories":[2,14,1],"tags":[179],"class_list":["post-3767","post","type-post","status-publish","format-standard","hentry","category-5o-epo","category-semanario-5o","category-sin-categoria","tag-semanario-5o"],"jetpack_publicize_connections":[],"jetpack_featured_media_url":"","jetpack_sharing_enabled":true,"jetpack_shortlink":"https:\/\/wp.me\/s4l4AW-3767","jetpack-related-posts":[],"_links":{"self":[{"href":"https:\/\/www.alqueria.es\/blogs\/colegioalqueriatercerciclo\/wp-json\/wp\/v2\/posts\/3767","targetHints":{"allow":["GET"]}}],"collection":[{"href":"https:\/\/www.alqueria.es\/blogs\/colegioalqueriatercerciclo\/wp-json\/wp\/v2\/posts"}],"about":[{"href":"https:\/\/www.alqueria.es\/blogs\/colegioalqueriatercerciclo\/wp-json\/wp\/v2\/types\/post"}],"author":[{"embeddable":true,"href":"https:\/\/www.alqueria.es\/blogs\/colegioalqueriatercerciclo\/wp-json\/wp\/v2\/users\/3"}],"replies":[{"embeddable":true,"href":"https:\/\/www.alqueria.es\/blogs\/colegioalqueriatercerciclo\/wp-json\/wp\/v2\/comments?post=3767"}],"version-history":[{"count":0,"href":"https:\/\/www.alqueria.es\/blogs\/colegioalqueriatercerciclo\/wp-json\/wp\/v2\/posts\/3767\/revisions"}],"wp:attachment":[{"href":"https:\/\/www.alqueria.es\/blogs\/colegioalqueriatercerciclo\/wp-json\/wp\/v2\/media?parent=3767"}],"wp:term":[{"taxonomy":"category","embeddable":true,"href":"https:\/\/www.alqueria.es\/blogs\/colegioalqueriatercerciclo\/wp-json\/wp\/v2\/categories?post=3767"},{"taxonomy":"post_tag","embeddable":true,"href":"https:\/\/www.alqueria.es\/blogs\/colegioalqueriatercerciclo\/wp-json\/wp\/v2\/tags?post=3767"}],"curies":[{"name":"wp","href":"https:\/\/api.w.org\/{rel}","templated":true}]}}