{"id":3790,"date":"2016-03-11T16:48:25","date_gmt":"2016-03-11T15:48:25","guid":{"rendered":"https:\/\/www.alqueria.es\/blogs\/colegioalqueria\/?p=3790"},"modified":"2016-03-11T16:48:25","modified_gmt":"2016-03-11T15:48:25","slug":"ultima-semana-del-trimestre-2","status":"publish","type":"post","link":"https:\/\/www.alqueria.es\/blogs\/colegioalqueriatercerciclo\/2016\/03\/11\/ultima-semana-del-trimestre-2\/","title":{"rendered":"\u00daltima semana del trimestre."},"content":{"rendered":"<p>Enfrentamos la \u00faltima semana del trimestre con un buen ritmo de trabajo.<\/p>\n<p>El pasado mi\u00e9rcoles, \u00a0tuvimos una interesante charla \u00a0sobre compostaje. Hemos reflexionado sobre la basura que generamos, d\u00f3nde van los residuos, qu\u00e9 podemos hacer para reducirlos o reutilizarlos. Esta charla tiene su continuidad el pr\u00f3ximo jueves, pues nos hemos propuesto fabricar nuestra propia compostera, para el huerto de Alquer\u00eda. Vamos a intentar que la materia org\u00e1nica que producimos como colegio, no la desaprovechemos, vamos a intentar producir nuestro propio compost, que servir\u00e1 de abono a las plantas del huerto y del jard\u00edn. Os seguiremos contando la evoluci\u00f3n de este taller.<\/p>\n<p><img decoding=\"async\" data-attachment-id=\"3784\" data-permalink=\"https:\/\/www.alqueria.es\/blogs\/colegioalqueriatercerciclo\/2016\/03\/11\/ultima-semana-del-trimestre-2\/compost-escolar\/\" data-orig-file=\"https:\/\/www.alqueria.es\/blogs\/colegioalqueriatercerciclo\/wp-content\/uploads\/sites\/5\/2016\/03\/compost-escolar.jpg\" data-orig-size=\"233,217\" data-comments-opened=\"1\" data-image-meta=\"{&quot;aperture&quot;:&quot;0&quot;,&quot;credit&quot;:&quot;&quot;,&quot;camera&quot;:&quot;&quot;,&quot;caption&quot;:&quot;&quot;,&quot;created_timestamp&quot;:&quot;0&quot;,&quot;copyright&quot;:&quot;&quot;,&quot;focal_length&quot;:&quot;0&quot;,&quot;iso&quot;:&quot;0&quot;,&quot;shutter_speed&quot;:&quot;0&quot;,&quot;title&quot;:&quot;&quot;,&quot;orientation&quot;:&quot;0&quot;}\" data-image-title=\"compost escolar\" data-image-description=\"\" data-image-caption=\"\" data-large-file=\"https:\/\/www.alqueria.es\/blogs\/colegioalqueriatercerciclo\/wp-content\/uploads\/sites\/5\/2016\/03\/compost-escolar.jpg\" class=\"aligncenter size-full wp-image-3784\" src=\"https:\/\/cloud.alqueria.es\/wp-content\/uploads\/sites\/5\/2016\/03\/compost-escolar.jpg\" alt=\"compost escolar\" width=\"233\" height=\"217\" \/><\/p>\n<p>Por otro lado, hemos llevado a cabo una nueva \u00a0tertulia literaria, el libro:\u00a0<em>Palabras de Caramelo,\u00a0<\/em>muy enriquecedor como siempre el di\u00e1logo generado, las emociones producidas por las palabras del libro que nos hacen pensar sobre nosotros mismos, al mismo tiempo que nos acerca a la vida de ni\u00f1os con una realidad muy diferente a la nuestra.<\/p>\n<p><img decoding=\"async\" data-attachment-id=\"3789\" data-permalink=\"https:\/\/www.alqueria.es\/blogs\/colegioalqueriatercerciclo\/2016\/03\/11\/ultima-semana-del-trimestre-2\/palabras-de-caramelo\/\" data-orig-file=\"https:\/\/www.alqueria.es\/blogs\/colegioalqueriatercerciclo\/wp-content\/uploads\/sites\/5\/2016\/03\/Palabras-de-Caramelo.jpg\" data-orig-size=\"211,211\" data-comments-opened=\"1\" data-image-meta=\"{&quot;aperture&quot;:&quot;0&quot;,&quot;credit&quot;:&quot;&quot;,&quot;camera&quot;:&quot;&quot;,&quot;caption&quot;:&quot;&quot;,&quot;created_timestamp&quot;:&quot;0&quot;,&quot;copyright&quot;:&quot;&quot;,&quot;focal_length&quot;:&quot;0&quot;,&quot;iso&quot;:&quot;0&quot;,&quot;shutter_speed&quot;:&quot;0&quot;,&quot;title&quot;:&quot;&quot;,&quot;orientation&quot;:&quot;0&quot;}\" data-image-title=\"Palabras de Caramelo\" data-image-description=\"\" data-image-caption=\"\" data-large-file=\"https:\/\/www.alqueria.es\/blogs\/colegioalqueriatercerciclo\/wp-content\/uploads\/sites\/5\/2016\/03\/Palabras-de-Caramelo.jpg\" class=\"aligncenter size-full wp-image-3789\" src=\"https:\/\/cloud.alqueria.es\/wp-content\/uploads\/sites\/5\/2016\/03\/Palabras-de-Caramelo.jpg\" alt=\"Palabras de Caramelo\" width=\"211\" height=\"211\" srcset=\"https:\/\/www.alqueria.es\/blogs\/colegioalqueriatercerciclo\/wp-content\/uploads\/sites\/5\/2016\/03\/Palabras-de-Caramelo.jpg 211w, https:\/\/www.alqueria.es\/blogs\/colegioalqueriatercerciclo\/wp-content\/uploads\/sites\/5\/2016\/03\/Palabras-de-Caramelo-150x150.jpg 150w\" sizes=\"(max-width: 211px) 100vw, 211px\" \/><\/p>\n<p>El libro para la pr\u00f3xima tertulia: 35 kilos de esperanza, de Anna Galvada. \u00a0Ed. Alfaguara infantil.<\/p>\n<p><img decoding=\"async\" data-attachment-id=\"3788\" data-permalink=\"https:\/\/www.alqueria.es\/blogs\/colegioalqueriatercerciclo\/2016\/03\/11\/ultima-semana-del-trimestre-2\/35-kilos-esperanza\/\" data-orig-file=\"https:\/\/www.alqueria.es\/blogs\/colegioalqueriatercerciclo\/wp-content\/uploads\/sites\/5\/2016\/03\/35-kilos-esperanza.jpg\" data-orig-size=\"262,448\" data-comments-opened=\"1\" data-image-meta=\"{&quot;aperture&quot;:&quot;0&quot;,&quot;credit&quot;:&quot;&quot;,&quot;camera&quot;:&quot;&quot;,&quot;caption&quot;:&quot;&quot;,&quot;created_timestamp&quot;:&quot;0&quot;,&quot;copyright&quot;:&quot;&quot;,&quot;focal_length&quot;:&quot;0&quot;,&quot;iso&quot;:&quot;0&quot;,&quot;shutter_speed&quot;:&quot;0&quot;,&quot;title&quot;:&quot;&quot;,&quot;orientation&quot;:&quot;0&quot;}\" data-image-title=\"35-kilos-esperanza\" data-image-description=\"\" data-image-caption=\"\" data-large-file=\"https:\/\/www.alqueria.es\/blogs\/colegioalqueriatercerciclo\/wp-content\/uploads\/sites\/5\/2016\/03\/35-kilos-esperanza.jpg\" class=\"aligncenter wp-image-3788\" src=\"https:\/\/cloud.alqueria.es\/wp-content\/uploads\/sites\/5\/2016\/03\/35-kilos-esperanza.jpg\" alt=\"35-kilos-esperanza\" width=\"155\" height=\"265\" srcset=\"https:\/\/www.alqueria.es\/blogs\/colegioalqueriatercerciclo\/wp-content\/uploads\/sites\/5\/2016\/03\/35-kilos-esperanza.jpg 262w, https:\/\/www.alqueria.es\/blogs\/colegioalqueriatercerciclo\/wp-content\/uploads\/sites\/5\/2016\/03\/35-kilos-esperanza-175x300.jpg 175w\" sizes=\"(max-width: 155px) 100vw, 155px\" \/><\/p>\n<p>En matem\u00e1ticas, tras el trabajo con la numeraci\u00f3n decimal y la pr\u00e1ctica de las cuatro operaciones b\u00e1sicas con n\u00fameros decimales, iniciamos el trabajo con el sistema \u00a0de m\u00e9trico \u00a0decimal. Va a suponer un afianzamiento del manejo de n\u00fameros decimales, pues ahora utilizaremos las unidades de medida de longitud, teniendo en cuenta la numeraci\u00f3n decimal.<\/p>\n<p><img decoding=\"async\" data-attachment-id=\"3787\" data-permalink=\"https:\/\/www.alqueria.es\/blogs\/colegioalqueriatercerciclo\/2016\/03\/11\/ultima-semana-del-trimestre-2\/smd\/\" data-orig-file=\"https:\/\/www.alqueria.es\/blogs\/colegioalqueriatercerciclo\/wp-content\/uploads\/sites\/5\/2016\/03\/SMD.png\" data-orig-size=\"619,429\" data-comments-opened=\"1\" data-image-meta=\"{&quot;aperture&quot;:&quot;0&quot;,&quot;credit&quot;:&quot;&quot;,&quot;camera&quot;:&quot;&quot;,&quot;caption&quot;:&quot;&quot;,&quot;created_timestamp&quot;:&quot;0&quot;,&quot;copyright&quot;:&quot;&quot;,&quot;focal_length&quot;:&quot;0&quot;,&quot;iso&quot;:&quot;0&quot;,&quot;shutter_speed&quot;:&quot;0&quot;,&quot;title&quot;:&quot;&quot;,&quot;orientation&quot;:&quot;0&quot;}\" data-image-title=\"SMD\" data-image-description=\"\" data-image-caption=\"\" data-large-file=\"https:\/\/www.alqueria.es\/blogs\/colegioalqueriatercerciclo\/wp-content\/uploads\/sites\/5\/2016\/03\/SMD.png\" class=\"aligncenter wp-image-3787\" src=\"https:\/\/cloud.alqueria.es\/wp-content\/uploads\/sites\/5\/2016\/03\/SMD.png\" alt=\"SMD\" width=\"317\" height=\"220\" srcset=\"https:\/\/www.alqueria.es\/blogs\/colegioalqueriatercerciclo\/wp-content\/uploads\/sites\/5\/2016\/03\/SMD.png 619w, https:\/\/www.alqueria.es\/blogs\/colegioalqueriatercerciclo\/wp-content\/uploads\/sites\/5\/2016\/03\/SMD-300x208.png 300w\" sizes=\"(max-width: 317px) 100vw, 317px\" \/> En ciencias, avanzamos investigando sobre la Tierra y nos centraremos en un primer momento, en su situaci\u00f3n dentro del Sistema Solar, para pasar a trabajar los climas y el relieve de Espa\u00f1a.<\/p>\n<p>La pr\u00f3xima semana, cerramos trimestre, han pasado dos tercios del curso. Mi sensaci\u00f3n es que quinto est\u00e1 avanzando a pasos de gigante, disfrutemos de estos intensos meses de primavera que nos esperan.<\/p>\n<p>Un saludo.<\/p>\n<p>Jose.<\/p>\n<p>&nbsp;<\/p>\n","protected":false},"excerpt":{"rendered":"<p>Enfrentamos la \u00faltima semana del trimestre con un buen ritmo de trabajo. El pasado mi\u00e9rcoles, \u00a0tuvimos una interesante charla \u00a0sobre compostaje. Hemos reflexionado sobre la basura que generamos, d\u00f3nde van los residuos, qu\u00e9 podemos hacer para reducirlos o reutilizarlos. Esta charla tiene su continuidad el pr\u00f3ximo jueves, pues nos hemos propuesto fabricar nuestra propia compostera, &hellip; <a href=\"https:\/\/www.alqueria.es\/blogs\/colegioalqueriatercerciclo\/2016\/03\/11\/ultima-semana-del-trimestre-2\/\" class=\"more-link\">Seguir leyendo <span class=\"screen-reader-text\">\u00daltima semana del trimestre.<\/span> <span class=\"meta-nav\">&rarr;<\/span><\/a><\/p>\n","protected":false},"author":3,"featured_media":0,"comment_status":"open","ping_status":"open","sticky":false,"template":"","format":"standard","meta":{"jetpack_post_was_ever_published":false,"_jetpack_newsletter_access":"","_jetpack_dont_email_post_to_subs":false,"_jetpack_newsletter_tier_id":0,"_jetpack_memberships_contains_paywalled_content":false,"_jetpack_memberships_contains_paid_content":false,"footnotes":"","jetpack_publicize_message":"","jetpack_publicize_feature_enabled":true,"jetpack_social_post_already_shared":true,"jetpack_social_options":{"image_generator_settings":{"template":"highway","default_image_id":0,"font":"","enabled":false},"version":2}},"categories":[2,14],"tags":[179],"class_list":["post-3790","post","type-post","status-publish","format-standard","hentry","category-5o-epo","category-semanario-5o","tag-semanario-5o"],"jetpack_publicize_connections":[],"jetpack_featured_media_url":"","jetpack_sharing_enabled":true,"jetpack_shortlink":"https:\/\/wp.me\/p4l4AW-Z8","jetpack-related-posts":[],"_links":{"self":[{"href":"https:\/\/www.alqueria.es\/blogs\/colegioalqueriatercerciclo\/wp-json\/wp\/v2\/posts\/3790","targetHints":{"allow":["GET"]}}],"collection":[{"href":"https:\/\/www.alqueria.es\/blogs\/colegioalqueriatercerciclo\/wp-json\/wp\/v2\/posts"}],"about":[{"href":"https:\/\/www.alqueria.es\/blogs\/colegioalqueriatercerciclo\/wp-json\/wp\/v2\/types\/post"}],"author":[{"embeddable":true,"href":"https:\/\/www.alqueria.es\/blogs\/colegioalqueriatercerciclo\/wp-json\/wp\/v2\/users\/3"}],"replies":[{"embeddable":true,"href":"https:\/\/www.alqueria.es\/blogs\/colegioalqueriatercerciclo\/wp-json\/wp\/v2\/comments?post=3790"}],"version-history":[{"count":0,"href":"https:\/\/www.alqueria.es\/blogs\/colegioalqueriatercerciclo\/wp-json\/wp\/v2\/posts\/3790\/revisions"}],"wp:attachment":[{"href":"https:\/\/www.alqueria.es\/blogs\/colegioalqueriatercerciclo\/wp-json\/wp\/v2\/media?parent=3790"}],"wp:term":[{"taxonomy":"category","embeddable":true,"href":"https:\/\/www.alqueria.es\/blogs\/colegioalqueriatercerciclo\/wp-json\/wp\/v2\/categories?post=3790"},{"taxonomy":"post_tag","embeddable":true,"href":"https:\/\/www.alqueria.es\/blogs\/colegioalqueriatercerciclo\/wp-json\/wp\/v2\/tags?post=3790"}],"curies":[{"name":"wp","href":"https:\/\/api.w.org\/{rel}","templated":true}]}}