{"id":3795,"date":"2016-03-17T16:38:48","date_gmt":"2016-03-17T15:38:48","guid":{"rendered":"https:\/\/www.alqueria.es\/blogs\/colegioalqueria\/?p=3795"},"modified":"2016-03-17T16:38:48","modified_gmt":"2016-03-17T15:38:48","slug":"manos-a-la-obra","status":"publish","type":"post","link":"https:\/\/www.alqueria.es\/blogs\/colegioalqueriatercerciclo\/2016\/03\/17\/manos-a-la-obra\/","title":{"rendered":"\u00a1Manos a la obra!"},"content":{"rendered":"<p>Esta semana los grupos de quinto y sexto hemos realizado el taller de construcci\u00f3n de una compostera para el huerto del colegio.<\/p>\n<p>Durante toda la ma\u00f1ana del mi\u00e9rcoles, con la colaboraci\u00f3n de Rub\u00e9n Rodr\u00edguez de Ariadna Estrategia Ambiental, nos propusimos la adecuaci\u00f3n de un espacio para el compostaje de los residuos org\u00e1nicos de nuestra escuela.<\/p>\n<p>Organizados por grupos, que han ido rotando a lo largo de la ma\u00f1ana, nos pusimos manos a la obra. Hemos usado como material principal palet usados para la construcci\u00f3n de la compostera. Cada grupo fue aportando su trabajo para cubrir las tareas necesarias:<\/p>\n<ul>\n<li>Separaci\u00f3n de las tablas y reconstrucci\u00f3n de los palets para las paredes de nuestra compostera.<\/li>\n<li>Lijado y capa de protecci\u00f3n de la madera.<\/li>\n<li>Nivelado del terreno.<\/li>\n<li>Medici\u00f3n, \u00a0nivelado \u00a0y anclaje de la estructura.<\/li>\n<li>Medici\u00f3n y serrado de las tablas para la tapa y puesta.<\/li>\n<li>Atornillado de las bisagras.<\/li>\n<\/ul>\n<p>Una ma\u00f1ana intensa de actividad, que con la colaboraci\u00f3n y la excelente participaci\u00f3n de todos los alumnos del ciclo, ha dado lugar a la estructura de nuestra compostera. Han quedado algunos remates que concluiremos durante los pr\u00f3ximos d\u00edas y sobre todo nos queda la tarea de ponerla en funcionamiento.<\/p>\n<p>Pretendemos contar con la colaboraci\u00f3n del resto de los compa\u00f1eros del colegio. Llevaremos a cabo una campa\u00f1a de informaci\u00f3n e implicaci\u00f3n para que todo el colegio colabore y, tras la vuelta de las vacaciones de Semana Santa, podamos comenzar con esta interesante actividad de sensibilizaci\u00f3n medioambiental.<\/p>\n<p>Este taller ha supuesto una de las actividades centrales de nuestro proyecto de concienciaci\u00f3n medioambiental. Nos proponemos ser capaces de elaborar nuestro propio compost, aprovechando \u00a0parte de los residuos org\u00e1nicos que generamos en el colegio, para colaborar en una gesti\u00f3n m\u00e1s sostenible de los residuos y en el aprovechamiento de los mismos como abono para nuestro huerto escolar.<\/p>\n<p>Esperamos cumplir nuestro objetivo. Os iremos informando.<\/p>\n<p>Por \u00faltimo aprovechamos para agradecer a Rub\u00e9n su trabajo y aportaci\u00f3n en este taller. Ha motivado e implicando en todo momento al alumnado, d\u00e1ndoles responsabilidad y autonom\u00eda, estando receptivo a sus iniciativas.<\/p>\n<p class=\"jetpack-slideshow-noscript robots-nocontent\">El pase de diapositivas requiere JavaScript.<\/p><div id=\"gallery-3795-1-slideshow\" class=\"jetpack-slideshow-window jetpack-slideshow jetpack-slideshow-black\" data-trans=\"fade\" data-autostart=\"1\" data-gallery=\"[{&quot;src&quot;:&quot;https:\\\/\\\/www.alqueria.es\\\/blogs\\\/colegioalqueriatercerciclo\\\/wp-content\\\/uploads\\\/sites\\\/5\\\/2016\\\/03\\\/COMPOSTERA-001-1024x768.jpg&quot;,&quot;id&quot;:&quot;3796&quot;,&quot;title&quot;:&quot;COMPOSTERA 001&quot;,&quot;alt&quot;:&quot;&quot;,&quot;caption&quot;:&quot;&quot;,&quot;itemprop&quot;:&quot;image&quot;},{&quot;src&quot;:&quot;https:\\\/\\\/www.alqueria.es\\\/blogs\\\/colegioalqueriatercerciclo\\\/wp-content\\\/uploads\\\/sites\\\/5\\\/2016\\\/03\\\/COMPOSTERA-057-1024x768.jpg&quot;,&quot;id&quot;:&quot;3807&quot;,&quot;title&quot;:&quot;COMPOSTERA 057&quot;,&quot;alt&quot;:&quot;&quot;,&quot;caption&quot;:&quot;&quot;,&quot;itemprop&quot;:&quot;image&quot;},{&quot;src&quot;:&quot;https:\\\/\\\/www.alqueria.es\\\/blogs\\\/colegioalqueriatercerciclo\\\/wp-content\\\/uploads\\\/sites\\\/5\\\/2016\\\/03\\\/COMPOSTERA-019-1024x768.jpg&quot;,&quot;id&quot;:&quot;3800&quot;,&quot;title&quot;:&quot;COMPOSTERA 019&quot;,&quot;alt&quot;:&quot;&quot;,&quot;caption&quot;:&quot;&quot;,&quot;itemprop&quot;:&quot;image&quot;},{&quot;src&quot;:&quot;https:\\\/\\\/www.alqueria.es\\\/blogs\\\/colegioalqueriatercerciclo\\\/wp-content\\\/uploads\\\/sites\\\/5\\\/2016\\\/03\\\/COMPOSTERA-012-1024x768.jpg&quot;,&quot;id&quot;:&quot;3798&quot;,&quot;title&quot;:&quot;COMPOSTERA 012&quot;,&quot;alt&quot;:&quot;&quot;,&quot;caption&quot;:&quot;&quot;,&quot;itemprop&quot;:&quot;image&quot;},{&quot;src&quot;:&quot;https:\\\/\\\/www.alqueria.es\\\/blogs\\\/colegioalqueriatercerciclo\\\/wp-content\\\/uploads\\\/sites\\\/5\\\/2016\\\/03\\\/COMPOSTERA-059-1024x768.jpg&quot;,&quot;id&quot;:&quot;3808&quot;,&quot;title&quot;:&quot;COMPOSTERA 059&quot;,&quot;alt&quot;:&quot;&quot;,&quot;caption&quot;:&quot;&quot;,&quot;itemprop&quot;:&quot;image&quot;},{&quot;src&quot;:&quot;https:\\\/\\\/www.alqueria.es\\\/blogs\\\/colegioalqueriatercerciclo\\\/wp-content\\\/uploads\\\/sites\\\/5\\\/2016\\\/03\\\/COMPOSTERA-032-1024x768.jpg&quot;,&quot;id&quot;:&quot;3802&quot;,&quot;title&quot;:&quot;COMPOSTERA 032&quot;,&quot;alt&quot;:&quot;&quot;,&quot;caption&quot;:&quot;&quot;,&quot;itemprop&quot;:&quot;image&quot;},{&quot;src&quot;:&quot;https:\\\/\\\/www.alqueria.es\\\/blogs\\\/colegioalqueriatercerciclo\\\/wp-content\\\/uploads\\\/sites\\\/5\\\/2016\\\/03\\\/COMPOSTERA-021-1024x768.jpg&quot;,&quot;id&quot;:&quot;3801&quot;,&quot;title&quot;:&quot;COMPOSTERA 021&quot;,&quot;alt&quot;:&quot;&quot;,&quot;caption&quot;:&quot;&quot;,&quot;itemprop&quot;:&quot;image&quot;},{&quot;src&quot;:&quot;https:\\\/\\\/www.alqueria.es\\\/blogs\\\/colegioalqueriatercerciclo\\\/wp-content\\\/uploads\\\/sites\\\/5\\\/2016\\\/03\\\/COMPOSTERA-010-1024x768.jpg&quot;,&quot;id&quot;:&quot;3797&quot;,&quot;title&quot;:&quot;COMPOSTERA 010&quot;,&quot;alt&quot;:&quot;&quot;,&quot;caption&quot;:&quot;&quot;,&quot;itemprop&quot;:&quot;image&quot;},{&quot;src&quot;:&quot;https:\\\/\\\/www.alqueria.es\\\/blogs\\\/colegioalqueriatercerciclo\\\/wp-content\\\/uploads\\\/sites\\\/5\\\/2016\\\/03\\\/COMPOSTERA-014-1024x768.jpg&quot;,&quot;id&quot;:&quot;3799&quot;,&quot;title&quot;:&quot;COMPOSTERA 014&quot;,&quot;alt&quot;:&quot;&quot;,&quot;caption&quot;:&quot;&quot;,&quot;itemprop&quot;:&quot;image&quot;},{&quot;src&quot;:&quot;https:\\\/\\\/www.alqueria.es\\\/blogs\\\/colegioalqueriatercerciclo\\\/wp-content\\\/uploads\\\/sites\\\/5\\\/2016\\\/03\\\/COMPOSTERA-046-1024x768.jpg&quot;,&quot;id&quot;:&quot;3806&quot;,&quot;title&quot;:&quot;COMPOSTERA 046&quot;,&quot;alt&quot;:&quot;&quot;,&quot;caption&quot;:&quot;&quot;,&quot;itemprop&quot;:&quot;image&quot;},{&quot;src&quot;:&quot;https:\\\/\\\/www.alqueria.es\\\/blogs\\\/colegioalqueriatercerciclo\\\/wp-content\\\/uploads\\\/sites\\\/5\\\/2016\\\/03\\\/COMPOSTERA-040-1024x768.jpg&quot;,&quot;id&quot;:&quot;3805&quot;,&quot;title&quot;:&quot;COMPOSTERA 040&quot;,&quot;alt&quot;:&quot;&quot;,&quot;caption&quot;:&quot;&quot;,&quot;itemprop&quot;:&quot;image&quot;},{&quot;src&quot;:&quot;https:\\\/\\\/www.alqueria.es\\\/blogs\\\/colegioalqueriatercerciclo\\\/wp-content\\\/uploads\\\/sites\\\/5\\\/2016\\\/03\\\/COMPOSTERA-039-1024x768.jpg&quot;,&quot;id&quot;:&quot;3804&quot;,&quot;title&quot;:&quot;COMPOSTERA 039&quot;,&quot;alt&quot;:&quot;&quot;,&quot;caption&quot;:&quot;&quot;,&quot;itemprop&quot;:&quot;image&quot;},{&quot;src&quot;:&quot;https:\\\/\\\/www.alqueria.es\\\/blogs\\\/colegioalqueriatercerciclo\\\/wp-content\\\/uploads\\\/sites\\\/5\\\/2016\\\/03\\\/COMPOSTERA-033-1024x768.jpg&quot;,&quot;id&quot;:&quot;3803&quot;,&quot;title&quot;:&quot;COMPOSTERA 033&quot;,&quot;alt&quot;:&quot;&quot;,&quot;caption&quot;:&quot;&quot;,&quot;itemprop&quot;:&quot;image&quot;}]\" itemscope itemtype=\"https:\/\/schema.org\/ImageGallery\"><\/div>\n<p>Un saludo.<\/p>\n<p>Jorge y Jose<\/p>\n","protected":false},"excerpt":{"rendered":"<p>Esta semana los grupos de quinto y sexto hemos realizado el taller de construcci\u00f3n de una compostera para el huerto del colegio. Durante toda la ma\u00f1ana del mi\u00e9rcoles, con la colaboraci\u00f3n de Rub\u00e9n Rodr\u00edguez de Ariadna Estrategia Ambiental, nos propusimos la adecuaci\u00f3n de un espacio para el compostaje de los residuos org\u00e1nicos de nuestra escuela. &hellip; <a href=\"https:\/\/www.alqueria.es\/blogs\/colegioalqueriatercerciclo\/2016\/03\/17\/manos-a-la-obra\/\" class=\"more-link\">Seguir leyendo <span class=\"screen-reader-text\">\u00a1Manos a la obra!<\/span> <span class=\"meta-nav\">&rarr;<\/span><\/a><\/p>\n","protected":false},"author":3,"featured_media":0,"comment_status":"open","ping_status":"open","sticky":false,"template":"","format":"standard","meta":{"jetpack_post_was_ever_published":false,"_jetpack_newsletter_access":"","_jetpack_dont_email_post_to_subs":false,"_jetpack_newsletter_tier_id":0,"_jetpack_memberships_contains_paywalled_content":false,"_jetpack_memberships_contains_paid_content":false,"footnotes":"","jetpack_publicize_message":"","jetpack_publicize_feature_enabled":true,"jetpack_social_post_already_shared":true,"jetpack_social_options":{"image_generator_settings":{"template":"highway","default_image_id":0,"font":"","enabled":false},"version":2}},"categories":[2,3,14,15],"tags":[205],"class_list":["post-3795","post","type-post","status-publish","format-standard","hentry","category-5o-epo","category-6o-epo","category-semanario-5o","category-semanario-6o","tag-compostaje"],"jetpack_publicize_connections":[],"jetpack_featured_media_url":"","jetpack_sharing_enabled":true,"jetpack_shortlink":"https:\/\/wp.me\/p4l4AW-Zd","jetpack-related-posts":[],"_links":{"self":[{"href":"https:\/\/www.alqueria.es\/blogs\/colegioalqueriatercerciclo\/wp-json\/wp\/v2\/posts\/3795","targetHints":{"allow":["GET"]}}],"collection":[{"href":"https:\/\/www.alqueria.es\/blogs\/colegioalqueriatercerciclo\/wp-json\/wp\/v2\/posts"}],"about":[{"href":"https:\/\/www.alqueria.es\/blogs\/colegioalqueriatercerciclo\/wp-json\/wp\/v2\/types\/post"}],"author":[{"embeddable":true,"href":"https:\/\/www.alqueria.es\/blogs\/colegioalqueriatercerciclo\/wp-json\/wp\/v2\/users\/3"}],"replies":[{"embeddable":true,"href":"https:\/\/www.alqueria.es\/blogs\/colegioalqueriatercerciclo\/wp-json\/wp\/v2\/comments?post=3795"}],"version-history":[{"count":0,"href":"https:\/\/www.alqueria.es\/blogs\/colegioalqueriatercerciclo\/wp-json\/wp\/v2\/posts\/3795\/revisions"}],"wp:attachment":[{"href":"https:\/\/www.alqueria.es\/blogs\/colegioalqueriatercerciclo\/wp-json\/wp\/v2\/media?parent=3795"}],"wp:term":[{"taxonomy":"category","embeddable":true,"href":"https:\/\/www.alqueria.es\/blogs\/colegioalqueriatercerciclo\/wp-json\/wp\/v2\/categories?post=3795"},{"taxonomy":"post_tag","embeddable":true,"href":"https:\/\/www.alqueria.es\/blogs\/colegioalqueriatercerciclo\/wp-json\/wp\/v2\/tags?post=3795"}],"curies":[{"name":"wp","href":"https:\/\/api.w.org\/{rel}","templated":true}]}}