{"id":3951,"date":"2018-10-27T13:30:56","date_gmt":"2018-10-27T11:30:56","guid":{"rendered":"https:\/\/www.alqueria.es\/blogs\/colegioalqueria\/?p=3951"},"modified":"2018-10-29T19:44:24","modified_gmt":"2018-10-29T18:44:24","slug":"el-rio-genil-y-beiro","status":"publish","type":"post","link":"https:\/\/www.alqueria.es\/blogs\/colegioalqueriatercerciclo\/2018\/10\/27\/el-rio-genil-y-beiro\/","title":{"rendered":"El r\u00edo Genil y Beiro"},"content":{"rendered":"<p>Esta ma\u00f1ana hemos realizado nuestra salida al entorno cercano para analizar los alrededores del r\u00edo Genil y Beiro.<\/p>\n<p><img decoding=\"async\" data-attachment-id=\"5555\" data-permalink=\"https:\/\/www.alqueria.es\/blogs\/colegioalqueriatercerciclo\/2018\/10\/27\/el-rio-genil-y-beiro\/blog-2\/\" data-orig-file=\"https:\/\/cloud.alqueria.es\/wp-content\/uploads\/sites\/5\/2016\/10\/blog.jpg\" data-orig-size=\"1008,756\" data-comments-opened=\"1\" data-image-meta=\"{&quot;aperture&quot;:&quot;1.8&quot;,&quot;credit&quot;:&quot;&quot;,&quot;camera&quot;:&quot;iPhone 7&quot;,&quot;caption&quot;:&quot;&quot;,&quot;created_timestamp&quot;:&quot;1540463093&quot;,&quot;copyright&quot;:&quot;&quot;,&quot;focal_length&quot;:&quot;3.99&quot;,&quot;iso&quot;:&quot;20&quot;,&quot;shutter_speed&quot;:&quot;0.00034399724802202&quot;,&quot;title&quot;:&quot;&quot;,&quot;orientation&quot;:&quot;1&quot;}\" data-image-title=\"blog\" data-image-description=\"\" data-image-caption=\"\" data-large-file=\"https:\/\/cloud.alqueria.es\/wp-content\/uploads\/sites\/5\/2016\/10\/blog.jpg\" class=\"aligncenter size-medium wp-image-5555\" src=\"https:\/\/cloud.alqueria.es\/wp-content\/uploads\/sites\/5\/2016\/10\/blog.jpg\" alt=\"\" width=\"300\" height=\"225\" srcset=\"https:\/\/cloud.alqueria.es\/wp-content\/uploads\/sites\/5\/2016\/10\/blog.jpg 1008w, https:\/\/cloud.alqueria.es\/wp-content\/uploads\/sites\/5\/2016\/10\/blog.jpg 300w, https:\/\/cloud.alqueria.es\/wp-content\/uploads\/sites\/5\/2016\/10\/blog.jpg 768w\" sizes=\"(max-width: 300px) 100vw, 300px\" \/><\/p>\n<p>Pasando por la casa de las brujas (de la que a\u00fan no tenemos versi\u00f3n oficial de por qu\u00e9 se llama as\u00ed, tenemos que investigar), avanzamos por los campos de la vega pr\u00f3ximos al colegio hasta llegar al paseo del r\u00edo. Esa ser\u00e1 nuestra primera parada para observar las plantaciones, arbustos y \u00e1rboles que tenemos a nuestra vista. Observamos los animales que encontramos y vemos patos en el agua. Aclaramos lo que es la ribera del r\u00edo y anotamos los elementos contaminantes.<\/p>\n<p>&nbsp;<\/p>\n<p><img decoding=\"async\" data-attachment-id=\"5549\" data-permalink=\"https:\/\/www.alqueria.es\/blogs\/colegioalqueriatercerciclo\/2018\/10\/27\/el-rio-genil-y-beiro\/attachment\/6\/\" data-orig-file=\"https:\/\/cloud.alqueria.es\/wp-content\/uploads\/sites\/5\/2016\/10\/6.jpg\" data-orig-size=\"1008,756\" data-comments-opened=\"1\" data-image-meta=\"{&quot;aperture&quot;:&quot;1.8&quot;,&quot;credit&quot;:&quot;&quot;,&quot;camera&quot;:&quot;iPhone 7&quot;,&quot;caption&quot;:&quot;&quot;,&quot;created_timestamp&quot;:&quot;1540469600&quot;,&quot;copyright&quot;:&quot;&quot;,&quot;focal_length&quot;:&quot;3.99&quot;,&quot;iso&quot;:&quot;20&quot;,&quot;shutter_speed&quot;:&quot;0.00086730268863833&quot;,&quot;title&quot;:&quot;&quot;,&quot;orientation&quot;:&quot;1&quot;}\" data-image-title=\"6\" data-image-description=\"\" data-image-caption=\"\" data-large-file=\"https:\/\/cloud.alqueria.es\/wp-content\/uploads\/sites\/5\/2016\/10\/6.jpg\" class=\"aligncenter size-medium wp-image-5549\" src=\"https:\/\/cloud.alqueria.es\/wp-content\/uploads\/sites\/5\/2016\/10\/6.jpg\" alt=\"\" width=\"300\" height=\"225\" srcset=\"https:\/\/cloud.alqueria.es\/wp-content\/uploads\/sites\/5\/2016\/10\/6.jpg 1008w, https:\/\/cloud.alqueria.es\/wp-content\/uploads\/sites\/5\/2016\/10\/6.jpg 300w, https:\/\/cloud.alqueria.es\/wp-content\/uploads\/sites\/5\/2016\/10\/6.jpg 768w\" sizes=\"(max-width: 300px) 100vw, 300px\" \/> <img decoding=\"async\" data-attachment-id=\"5548\" data-permalink=\"https:\/\/www.alqueria.es\/blogs\/colegioalqueriatercerciclo\/2018\/10\/27\/el-rio-genil-y-beiro\/2-3\/\" data-orig-file=\"https:\/\/cloud.alqueria.es\/wp-content\/uploads\/sites\/5\/2016\/10\/2.jpg\" data-orig-size=\"1008,756\" data-comments-opened=\"1\" data-image-meta=\"{&quot;aperture&quot;:&quot;1.8&quot;,&quot;credit&quot;:&quot;&quot;,&quot;camera&quot;:&quot;iPhone 7&quot;,&quot;caption&quot;:&quot;&quot;,&quot;created_timestamp&quot;:&quot;1540463449&quot;,&quot;copyright&quot;:&quot;&quot;,&quot;focal_length&quot;:&quot;3.99&quot;,&quot;iso&quot;:&quot;20&quot;,&quot;shutter_speed&quot;:&quot;0.00048007681228997&quot;,&quot;title&quot;:&quot;&quot;,&quot;orientation&quot;:&quot;1&quot;}\" data-image-title=\"2\" data-image-description=\"\" data-image-caption=\"\" data-large-file=\"https:\/\/cloud.alqueria.es\/wp-content\/uploads\/sites\/5\/2016\/10\/2.jpg\" class=\"aligncenter size-medium wp-image-5548\" src=\"https:\/\/cloud.alqueria.es\/wp-content\/uploads\/sites\/5\/2016\/10\/2.jpg\" alt=\"\" width=\"300\" height=\"225\" srcset=\"https:\/\/cloud.alqueria.es\/wp-content\/uploads\/sites\/5\/2016\/10\/2.jpg 1008w, https:\/\/cloud.alqueria.es\/wp-content\/uploads\/sites\/5\/2016\/10\/2.jpg 300w, https:\/\/cloud.alqueria.es\/wp-content\/uploads\/sites\/5\/2016\/10\/2.jpg 768w\" sizes=\"(max-width: 300px) 100vw, 300px\" \/> <img decoding=\"async\" data-attachment-id=\"5551\" data-permalink=\"https:\/\/www.alqueria.es\/blogs\/colegioalqueriatercerciclo\/2018\/10\/27\/el-rio-genil-y-beiro\/attachment\/8\/\" data-orig-file=\"https:\/\/cloud.alqueria.es\/wp-content\/uploads\/sites\/5\/2016\/10\/8.jpg\" data-orig-size=\"1024,768\" data-comments-opened=\"1\" data-image-meta=\"{&quot;aperture&quot;:&quot;0&quot;,&quot;credit&quot;:&quot;&quot;,&quot;camera&quot;:&quot;&quot;,&quot;caption&quot;:&quot;&quot;,&quot;created_timestamp&quot;:&quot;0&quot;,&quot;copyright&quot;:&quot;&quot;,&quot;focal_length&quot;:&quot;0&quot;,&quot;iso&quot;:&quot;0&quot;,&quot;shutter_speed&quot;:&quot;0&quot;,&quot;title&quot;:&quot;&quot;,&quot;orientation&quot;:&quot;0&quot;}\" data-image-title=\"8\" data-image-description=\"\" data-image-caption=\"\" data-large-file=\"https:\/\/cloud.alqueria.es\/wp-content\/uploads\/sites\/5\/2016\/10\/8.jpg\" class=\"aligncenter size-medium wp-image-5551\" src=\"https:\/\/cloud.alqueria.es\/wp-content\/uploads\/sites\/5\/2016\/10\/8.jpg\" alt=\"\" width=\"300\" height=\"225\" srcset=\"https:\/\/cloud.alqueria.es\/wp-content\/uploads\/sites\/5\/2016\/10\/8.jpg 1024w, https:\/\/cloud.alqueria.es\/wp-content\/uploads\/sites\/5\/2016\/10\/8.jpg 300w, https:\/\/cloud.alqueria.es\/wp-content\/uploads\/sites\/5\/2016\/10\/8.jpg 768w\" sizes=\"(max-width: 300px) 100vw, 300px\" \/><\/p>\n<p>De aqu\u00ed nos acercamos andando hasta la depuradora a la altura de la venta del nogal. All\u00ed nos tomamos el famoso y esperado tentempi\u00e9 y compartimos con los compa\u00f1eros. Una vez hecho el descanso caminamos a lo largo del r\u00edo anotando todos aquellos aspectos que llaman nuestra atenci\u00f3n.\u00a0Nos paramos a la altura de Alquer\u00eda y nos tomamos esta foto.<\/p>\n<p><img decoding=\"async\" data-attachment-id=\"5554\" data-permalink=\"https:\/\/www.alqueria.es\/blogs\/colegioalqueriatercerciclo\/2018\/10\/27\/el-rio-genil-y-beiro\/attachment\/44\/\" data-orig-file=\"https:\/\/cloud.alqueria.es\/wp-content\/uploads\/sites\/5\/2016\/10\/44.jpg\" data-orig-size=\"1008,756\" data-comments-opened=\"1\" data-image-meta=\"{&quot;aperture&quot;:&quot;1.8&quot;,&quot;credit&quot;:&quot;&quot;,&quot;camera&quot;:&quot;iPhone 7&quot;,&quot;caption&quot;:&quot;&quot;,&quot;created_timestamp&quot;:&quot;1540468272&quot;,&quot;copyright&quot;:&quot;&quot;,&quot;focal_length&quot;:&quot;3.99&quot;,&quot;iso&quot;:&quot;20&quot;,&quot;shutter_speed&quot;:&quot;0.00060606060606061&quot;,&quot;title&quot;:&quot;&quot;,&quot;orientation&quot;:&quot;1&quot;}\" data-image-title=\"44\" data-image-description=\"\" data-image-caption=\"\" data-large-file=\"https:\/\/cloud.alqueria.es\/wp-content\/uploads\/sites\/5\/2016\/10\/44.jpg\" class=\"aligncenter size-medium wp-image-5554\" src=\"https:\/\/cloud.alqueria.es\/wp-content\/uploads\/sites\/5\/2016\/10\/44.jpg\" alt=\"\" width=\"300\" height=\"225\" srcset=\"https:\/\/cloud.alqueria.es\/wp-content\/uploads\/sites\/5\/2016\/10\/44.jpg 1008w, https:\/\/cloud.alqueria.es\/wp-content\/uploads\/sites\/5\/2016\/10\/44.jpg 300w, https:\/\/cloud.alqueria.es\/wp-content\/uploads\/sites\/5\/2016\/10\/44.jpg 768w\" sizes=\"(max-width: 300px) 100vw, 300px\" \/> <img decoding=\"async\" data-attachment-id=\"5553\" data-permalink=\"https:\/\/www.alqueria.es\/blogs\/colegioalqueriatercerciclo\/2018\/10\/27\/el-rio-genil-y-beiro\/attachment\/33\/\" data-orig-file=\"https:\/\/cloud.alqueria.es\/wp-content\/uploads\/sites\/5\/2016\/10\/33.jpg\" data-orig-size=\"1008,756\" data-comments-opened=\"1\" data-image-meta=\"{&quot;aperture&quot;:&quot;1.8&quot;,&quot;credit&quot;:&quot;&quot;,&quot;camera&quot;:&quot;iPhone 7&quot;,&quot;caption&quot;:&quot;&quot;,&quot;created_timestamp&quot;:&quot;1540468266&quot;,&quot;copyright&quot;:&quot;&quot;,&quot;focal_length&quot;:&quot;3.99&quot;,&quot;iso&quot;:&quot;20&quot;,&quot;shutter_speed&quot;:&quot;0.00066800267201069&quot;,&quot;title&quot;:&quot;&quot;,&quot;orientation&quot;:&quot;1&quot;}\" data-image-title=\"33\" data-image-description=\"\" data-image-caption=\"\" data-large-file=\"https:\/\/cloud.alqueria.es\/wp-content\/uploads\/sites\/5\/2016\/10\/33.jpg\" class=\"aligncenter size-medium wp-image-5553\" src=\"https:\/\/cloud.alqueria.es\/wp-content\/uploads\/sites\/5\/2016\/10\/33.jpg\" alt=\"\" width=\"300\" height=\"225\" srcset=\"https:\/\/cloud.alqueria.es\/wp-content\/uploads\/sites\/5\/2016\/10\/33.jpg 1008w, https:\/\/cloud.alqueria.es\/wp-content\/uploads\/sites\/5\/2016\/10\/33.jpg 300w, https:\/\/cloud.alqueria.es\/wp-content\/uploads\/sites\/5\/2016\/10\/33.jpg 768w\" sizes=\"(max-width: 300px) 100vw, 300px\" \/> <img decoding=\"async\" data-attachment-id=\"5550\" data-permalink=\"https:\/\/www.alqueria.es\/blogs\/colegioalqueriatercerciclo\/2018\/10\/27\/el-rio-genil-y-beiro\/attachment\/7\/\" data-orig-file=\"https:\/\/cloud.alqueria.es\/wp-content\/uploads\/sites\/5\/2016\/10\/7.jpg\" data-orig-size=\"1008,756\" data-comments-opened=\"1\" data-image-meta=\"{&quot;aperture&quot;:&quot;1.8&quot;,&quot;credit&quot;:&quot;&quot;,&quot;camera&quot;:&quot;iPhone 7&quot;,&quot;caption&quot;:&quot;&quot;,&quot;created_timestamp&quot;:&quot;1540469626&quot;,&quot;copyright&quot;:&quot;&quot;,&quot;focal_length&quot;:&quot;3.99&quot;,&quot;iso&quot;:&quot;20&quot;,&quot;shutter_speed&quot;:&quot;0.00063694267515924&quot;,&quot;title&quot;:&quot;&quot;,&quot;orientation&quot;:&quot;1&quot;}\" data-image-title=\"7\" data-image-description=\"\" data-image-caption=\"\" data-large-file=\"https:\/\/cloud.alqueria.es\/wp-content\/uploads\/sites\/5\/2016\/10\/7.jpg\" class=\"aligncenter size-medium wp-image-5550\" src=\"https:\/\/cloud.alqueria.es\/wp-content\/uploads\/sites\/5\/2016\/10\/7.jpg\" alt=\"\" width=\"300\" height=\"225\" srcset=\"https:\/\/cloud.alqueria.es\/wp-content\/uploads\/sites\/5\/2016\/10\/7.jpg 1008w, https:\/\/cloud.alqueria.es\/wp-content\/uploads\/sites\/5\/2016\/10\/7.jpg 300w, https:\/\/cloud.alqueria.es\/wp-content\/uploads\/sites\/5\/2016\/10\/7.jpg 768w\" sizes=\"(max-width: 300px) 100vw, 300px\" \/> <a href=\"https:\/\/cloud.alqueria.es\/wp-content\/uploads\/sites\/5\/2016\/10\/0.jpg\"><img decoding=\"async\" data-attachment-id=\"5547\" data-permalink=\"https:\/\/www.alqueria.es\/blogs\/colegioalqueriatercerciclo\/2018\/10\/27\/el-rio-genil-y-beiro\/attachment\/0\/\" data-orig-file=\"https:\/\/cloud.alqueria.es\/wp-content\/uploads\/sites\/5\/2016\/10\/0.jpg\" data-orig-size=\"1008,756\" data-comments-opened=\"1\" data-image-meta=\"{&quot;aperture&quot;:&quot;1.8&quot;,&quot;credit&quot;:&quot;&quot;,&quot;camera&quot;:&quot;iPhone 7&quot;,&quot;caption&quot;:&quot;&quot;,&quot;created_timestamp&quot;:&quot;1540470090&quot;,&quot;copyright&quot;:&quot;&quot;,&quot;focal_length&quot;:&quot;3.99&quot;,&quot;iso&quot;:&quot;20&quot;,&quot;shutter_speed&quot;:&quot;0.00038595137012736&quot;,&quot;title&quot;:&quot;&quot;,&quot;orientation&quot;:&quot;1&quot;}\" data-image-title=\"0\" data-image-description=\"\" data-image-caption=\"\" data-large-file=\"https:\/\/cloud.alqueria.es\/wp-content\/uploads\/sites\/5\/2016\/10\/0.jpg\" class=\"aligncenter size-medium wp-image-5547\" src=\"https:\/\/cloud.alqueria.es\/wp-content\/uploads\/sites\/5\/2016\/10\/0.jpg\" alt=\"\" width=\"300\" height=\"225\" srcset=\"https:\/\/cloud.alqueria.es\/wp-content\/uploads\/sites\/5\/2016\/10\/0.jpg 1008w, https:\/\/cloud.alqueria.es\/wp-content\/uploads\/sites\/5\/2016\/10\/0.jpg 300w, https:\/\/cloud.alqueria.es\/wp-content\/uploads\/sites\/5\/2016\/10\/0.jpg 768w\" sizes=\"(max-width: 300px) 100vw, 300px\" \/><\/a><\/p>\n<p>Despu\u00e9s bajamos al r\u00edo Genil, y\u00a0 comenzamos a medir el ph, profundidad, temperatura, olor y color del agua, anchura del r\u00edo y caudal, entre otras cosas. Todo ello con guantes y tomando muestras en tubos y cuadernillo.<\/p>\n<p><a href=\"https:\/\/cloud.alqueria.es\/wp-content\/uploads\/sites\/5\/2016\/10\/11.jpg\"><img decoding=\"async\" data-attachment-id=\"5552\" data-permalink=\"https:\/\/www.alqueria.es\/blogs\/colegioalqueriatercerciclo\/2018\/10\/27\/el-rio-genil-y-beiro\/attachment\/11\/\" data-orig-file=\"https:\/\/cloud.alqueria.es\/wp-content\/uploads\/sites\/5\/2016\/10\/11.jpg\" data-orig-size=\"1008,756\" data-comments-opened=\"1\" data-image-meta=\"{&quot;aperture&quot;:&quot;1.8&quot;,&quot;credit&quot;:&quot;&quot;,&quot;camera&quot;:&quot;iPhone 7&quot;,&quot;caption&quot;:&quot;&quot;,&quot;created_timestamp&quot;:&quot;1540470831&quot;,&quot;copyright&quot;:&quot;&quot;,&quot;focal_length&quot;:&quot;3.99&quot;,&quot;iso&quot;:&quot;20&quot;,&quot;shutter_speed&quot;:&quot;0.00052192066805846&quot;,&quot;title&quot;:&quot;&quot;,&quot;orientation&quot;:&quot;1&quot;}\" data-image-title=\"11\" data-image-description=\"\" data-image-caption=\"\" data-large-file=\"https:\/\/cloud.alqueria.es\/wp-content\/uploads\/sites\/5\/2016\/10\/11.jpg\" class=\"aligncenter size-medium wp-image-5552\" src=\"https:\/\/cloud.alqueria.es\/wp-content\/uploads\/sites\/5\/2016\/10\/11.jpg\" alt=\"\" width=\"300\" height=\"225\" srcset=\"https:\/\/cloud.alqueria.es\/wp-content\/uploads\/sites\/5\/2016\/10\/11.jpg 1008w, https:\/\/cloud.alqueria.es\/wp-content\/uploads\/sites\/5\/2016\/10\/11.jpg 300w, https:\/\/cloud.alqueria.es\/wp-content\/uploads\/sites\/5\/2016\/10\/11.jpg 768w\" sizes=\"(max-width: 300px) 100vw, 300px\" \/><\/a><\/p>\n<p>Una vez finalizada la toma de datos, nos acercamos al punto donde confluyen los dos r\u00edos y no podemos tomar muestras porque el Beiro no lleva agua.<\/p>\n<p>La salida ha sido resultado muy agradable y de la que sacaremos partido para seguir investigando sobre el agua, las bacterias y los virus en pr\u00f3ximos proyectos. Las muestras de agua las analizaremos en clase con el microscopio\u00a0 para sacar conclusiones a esta experiencia.<\/p>\n<p>Buen fin de semana.<\/p>\n<p>Isabel<\/p>\n","protected":false},"excerpt":{"rendered":"<p>Esta ma\u00f1ana hemos realizado nuestra salida al entorno cercano para analizar los alrededores del r\u00edo Genil y Beiro. Pasando por la casa de las brujas (de la que a\u00fan no tenemos versi\u00f3n oficial de por qu\u00e9 se llama as\u00ed, tenemos que investigar), avanzamos por los campos de la vega pr\u00f3ximos al colegio hasta llegar al &hellip; <a href=\"https:\/\/www.alqueria.es\/blogs\/colegioalqueriatercerciclo\/2018\/10\/27\/el-rio-genil-y-beiro\/\" class=\"more-link\">Seguir leyendo <span class=\"screen-reader-text\">El r\u00edo Genil y Beiro<\/span> <span class=\"meta-nav\">&rarr;<\/span><\/a><\/p>\n","protected":false},"author":9,"featured_media":0,"comment_status":"open","ping_status":"open","sticky":false,"template":"","format":"standard","meta":{"jetpack_post_was_ever_published":false,"_jetpack_newsletter_access":"","_jetpack_dont_email_post_to_subs":false,"_jetpack_newsletter_tier_id":0,"_jetpack_memberships_contains_paywalled_content":false,"_jetpack_memberships_contains_paid_content":false,"footnotes":"","jetpack_publicize_message":"","jetpack_publicize_feature_enabled":true,"jetpack_social_post_already_shared":true,"jetpack_social_options":{"image_generator_settings":{"template":"highway","default_image_id":0,"font":"","enabled":false},"version":2}},"categories":[2,14],"tags":[211,212,81,209,179,213],"class_list":["post-3951","post","type-post","status-publish","format-standard","hentry","category-5o-epo","category-semanario-5o","tag-entorno-cercano","tag-rio-beiro","tag-rio-genil","tag-salida","tag-semanario-5o","tag-vega"],"jetpack_publicize_connections":[],"jetpack_featured_media_url":"","jetpack_sharing_enabled":true,"jetpack_shortlink":"https:\/\/wp.me\/p4l4AW-11J","jetpack-related-posts":[],"_links":{"self":[{"href":"https:\/\/www.alqueria.es\/blogs\/colegioalqueriatercerciclo\/wp-json\/wp\/v2\/posts\/3951","targetHints":{"allow":["GET"]}}],"collection":[{"href":"https:\/\/www.alqueria.es\/blogs\/colegioalqueriatercerciclo\/wp-json\/wp\/v2\/posts"}],"about":[{"href":"https:\/\/www.alqueria.es\/blogs\/colegioalqueriatercerciclo\/wp-json\/wp\/v2\/types\/post"}],"author":[{"embeddable":true,"href":"https:\/\/www.alqueria.es\/blogs\/colegioalqueriatercerciclo\/wp-json\/wp\/v2\/users\/9"}],"replies":[{"embeddable":true,"href":"https:\/\/www.alqueria.es\/blogs\/colegioalqueriatercerciclo\/wp-json\/wp\/v2\/comments?post=3951"}],"version-history":[{"count":0,"href":"https:\/\/www.alqueria.es\/blogs\/colegioalqueriatercerciclo\/wp-json\/wp\/v2\/posts\/3951\/revisions"}],"wp:attachment":[{"href":"https:\/\/www.alqueria.es\/blogs\/colegioalqueriatercerciclo\/wp-json\/wp\/v2\/media?parent=3951"}],"wp:term":[{"taxonomy":"category","embeddable":true,"href":"https:\/\/www.alqueria.es\/blogs\/colegioalqueriatercerciclo\/wp-json\/wp\/v2\/categories?post=3951"},{"taxonomy":"post_tag","embeddable":true,"href":"https:\/\/www.alqueria.es\/blogs\/colegioalqueriatercerciclo\/wp-json\/wp\/v2\/tags?post=3951"}],"curies":[{"name":"wp","href":"https:\/\/api.w.org\/{rel}","templated":true}]}}