{"id":4724,"date":"2017-11-24T16:11:08","date_gmt":"2017-11-24T15:11:08","guid":{"rendered":"https:\/\/www.alqueria.es\/blogs\/colegioalqueria\/?p=4724"},"modified":"2017-11-24T21:41:25","modified_gmt":"2017-11-24T20:41:25","slug":"noviembre-en-quinto","status":"publish","type":"post","link":"https:\/\/www.alqueria.es\/blogs\/colegioalqueriatercerciclo\/2017\/11\/24\/noviembre-en-quinto\/","title":{"rendered":"Noviembre en QUINTO."},"content":{"rendered":"<p>Buenas tardes,<\/p>\n<p>Durante este mes de noviembre hemos estado trabajando en ciencias naturales sobre los ecosistemas. Est\u00e1 siendo un trabajo de b\u00fasqueda de informaci\u00f3n en grupo, para la creaci\u00f3n de un p\u00f3ster que compartimos con el resto de compa\u00f1eros. Comenzamos con la puesta en com\u00fan de unos t\u00e9rminos generales: biotopo, biocenosis, ecosistema, especie, ecosfera, etc. y a partir de estos conceptos b\u00e1sicos cada uno de los grupos busc\u00f3 las caracter\u00edsticas concretas de un tipo de ecosistema. Los trabajos est\u00e1n expuestos en el tabl\u00f3n de clase. Durante esta semana los grupos siguen profundizando en diferentes aspectos tales como las cadenas alimenticias, las relaciones especiales como el comensalismo, la simbiosis o el parasitismo; la conservaci\u00f3n de los ecosistemas, etc. Para la pr\u00f3xima semana esperamos tener terminada la nueva informaci\u00f3n para ser compartida con todo el grupo.<\/p>\n<p><img decoding=\"async\" data-attachment-id=\"4726\" data-permalink=\"https:\/\/www.alqueria.es\/blogs\/colegioalqueriatercerciclo\/2017\/11\/24\/noviembre-en-quinto\/ecosistemas\/\" data-orig-file=\"https:\/\/cloud.alqueria.es\/wp-content\/uploads\/sites\/5\/2017\/11\/ecosistemas.jpg\" data-orig-size=\"648,379\" data-comments-opened=\"1\" data-image-meta=\"{&quot;aperture&quot;:&quot;0&quot;,&quot;credit&quot;:&quot;&quot;,&quot;camera&quot;:&quot;&quot;,&quot;caption&quot;:&quot;&quot;,&quot;created_timestamp&quot;:&quot;0&quot;,&quot;copyright&quot;:&quot;&quot;,&quot;focal_length&quot;:&quot;0&quot;,&quot;iso&quot;:&quot;0&quot;,&quot;shutter_speed&quot;:&quot;0&quot;,&quot;title&quot;:&quot;&quot;,&quot;orientation&quot;:&quot;1&quot;}\" data-image-title=\"ecosistemas\" data-image-description=\"\" data-image-caption=\"\" data-large-file=\"https:\/\/cloud.alqueria.es\/wp-content\/uploads\/sites\/5\/2017\/11\/ecosistemas.jpg\" class=\"aligncenter size-large wp-image-4726\" src=\"https:\/\/cloud.alqueria.es\/wp-content\/uploads\/sites\/5\/2017\/11\/ecosistemas.jpg\" alt=\"\" width=\"474\" height=\"277\" srcset=\"https:\/\/cloud.alqueria.es\/wp-content\/uploads\/sites\/5\/2017\/11\/ecosistemas.jpg 648w, https:\/\/cloud.alqueria.es\/wp-content\/uploads\/sites\/5\/2017\/11\/ecosistemas.jpg 300w\" sizes=\"(max-width: 474px) 100vw, 474px\" \/><\/p>\n<p>Noviembre ha sido tambi\u00e9n un mes de mucho reparto. Hemos estado practicando la divisi\u00f3n de dos y tres cifras, hemos practicado tambi\u00e9n algunas estrategias de c\u00e1lculo mental con divisiones. En la operaci\u00f3n de divisi\u00f3n estamos intentando realizar las restas intermedias con estrategias de calculo mental, sin necesidad de escribir la resta. Este es un paso que vamos dominando poco a poco.<\/p>\n<p>Presentamos la propiedad fundamental de la divisi\u00f3n mediante la manipulaci\u00f3n y reparto de garbanzos en vasos, para tener una experiencia directa con este concepto pr\u00e1ctico tan \u00fatil.<br \/>\n<img decoding=\"async\" data-attachment-id=\"4730\" data-permalink=\"https:\/\/www.alqueria.es\/blogs\/colegioalqueriatercerciclo\/2017\/11\/24\/noviembre-en-quinto\/propiedad-fundamental-division-exacta-3\/\" data-orig-file=\"https:\/\/cloud.alqueria.es\/wp-content\/uploads\/sites\/5\/2017\/11\/PROPIEDAD-FUNDAMENTAL-DIVISION-EXACTA-3.jpg\" data-orig-size=\"1024,768\" data-comments-opened=\"1\" data-image-meta=\"{&quot;aperture&quot;:&quot;0&quot;,&quot;credit&quot;:&quot;&quot;,&quot;camera&quot;:&quot;&quot;,&quot;caption&quot;:&quot;&quot;,&quot;created_timestamp&quot;:&quot;0&quot;,&quot;copyright&quot;:&quot;&quot;,&quot;focal_length&quot;:&quot;0&quot;,&quot;iso&quot;:&quot;0&quot;,&quot;shutter_speed&quot;:&quot;0&quot;,&quot;title&quot;:&quot;&quot;,&quot;orientation&quot;:&quot;0&quot;}\" data-image-title=\"PROPIEDAD-FUNDAMENTAL-DIVISION-EXACTA-3\" data-image-description=\"\" data-image-caption=\"\" data-large-file=\"https:\/\/cloud.alqueria.es\/wp-content\/uploads\/sites\/5\/2017\/11\/PROPIEDAD-FUNDAMENTAL-DIVISION-EXACTA-3-1024x768.jpg\" class=\"aligncenter wp-image-4730 size-medium\" src=\"https:\/\/cloud.alqueria.es\/wp-content\/uploads\/sites\/5\/2017\/11\/PROPIEDAD-FUNDAMENTAL-DIVISION-EXACTA-3.jpg\" alt=\"\" width=\"300\" height=\"225\" srcset=\"https:\/\/cloud.alqueria.es\/wp-content\/uploads\/sites\/5\/2017\/11\/PROPIEDAD-FUNDAMENTAL-DIVISION-EXACTA-3.jpg 1024w, https:\/\/cloud.alqueria.es\/wp-content\/uploads\/sites\/5\/2017\/11\/PROPIEDAD-FUNDAMENTAL-DIVISION-EXACTA-3.jpg 300w, https:\/\/cloud.alqueria.es\/wp-content\/uploads\/sites\/5\/2017\/11\/PROPIEDAD-FUNDAMENTAL-DIVISION-EXACTA-3.jpg 768w\" sizes=\"(max-width: 300px) 100vw, 300px\" \/><\/p>\n<p>La pr\u00f3xima semana, realizaremos una prueba de evaluaci\u00f3n sobre estos contenidos, en principio el pr\u00f3ximo jueves.<\/p>\n<p>En lengua, hemos trabajado contenidos de gram\u00e1tica relacionados con los sustantivos y sus clases, as\u00ed como actividades espec\u00edficas de vocabulario, concretamente sobre\u00a0\u00a0sin\u00f3nimos, ant\u00f3nimos y palabras hom\u00f3fonas.<\/p>\n<p><img decoding=\"async\" data-attachment-id=\"4727\" data-permalink=\"https:\/\/www.alqueria.es\/blogs\/colegioalqueriatercerciclo\/2017\/11\/24\/noviembre-en-quinto\/el-sustantivo\/\" data-orig-file=\"https:\/\/cloud.alqueria.es\/wp-content\/uploads\/sites\/5\/2017\/11\/El-sustantivo.png\" data-orig-size=\"1024,408\" data-comments-opened=\"1\" data-image-meta=\"{&quot;aperture&quot;:&quot;0&quot;,&quot;credit&quot;:&quot;&quot;,&quot;camera&quot;:&quot;&quot;,&quot;caption&quot;:&quot;&quot;,&quot;created_timestamp&quot;:&quot;0&quot;,&quot;copyright&quot;:&quot;&quot;,&quot;focal_length&quot;:&quot;0&quot;,&quot;iso&quot;:&quot;0&quot;,&quot;shutter_speed&quot;:&quot;0&quot;,&quot;title&quot;:&quot;&quot;,&quot;orientation&quot;:&quot;0&quot;}\" data-image-title=\"El-sustantivo\" data-image-description=\"\" data-image-caption=\"\" data-large-file=\"https:\/\/cloud.alqueria.es\/wp-content\/uploads\/sites\/5\/2017\/11\/El-sustantivo-1024x408.png\" class=\"aligncenter size-large wp-image-4727\" src=\"https:\/\/cloud.alqueria.es\/wp-content\/uploads\/sites\/5\/2017\/11\/El-sustantivo.png\" alt=\"\" width=\"474\" height=\"189\" srcset=\"https:\/\/cloud.alqueria.es\/wp-content\/uploads\/sites\/5\/2017\/11\/El-sustantivo.png 1024w, https:\/\/cloud.alqueria.es\/wp-content\/uploads\/sites\/5\/2017\/11\/El-sustantivo.png 300w, https:\/\/cloud.alqueria.es\/wp-content\/uploads\/sites\/5\/2017\/11\/El-sustantivo.png 768w\" sizes=\"(max-width: 474px) 100vw, 474px\" \/><\/p>\n<p>Les he planteado una propuesta de escritura que hemos llamado \u00abDesde mi ventana\u00bb. Se trata de un texto descriptivo que deber\u00e1n escribir en casa, con la misma estructura del texto realizado sobre el jard\u00edn y patio de Alquer\u00eda y que deber\u00e1n acompa\u00f1ar de una foto tomada desde la ventana de su habitaci\u00f3n.<\/p>\n<p><img decoding=\"async\" data-attachment-id=\"4728\" data-permalink=\"https:\/\/www.alqueria.es\/blogs\/colegioalqueriatercerciclo\/2017\/11\/24\/noviembre-en-quinto\/el_atardecer_desde_mi_ventana\/\" data-orig-file=\"https:\/\/cloud.alqueria.es\/wp-content\/uploads\/sites\/5\/2017\/11\/el_atardecer_desde_mi_ventana.jpg\" data-orig-size=\"768,1024\" data-comments-opened=\"1\" data-image-meta=\"{&quot;aperture&quot;:&quot;0&quot;,&quot;credit&quot;:&quot;&quot;,&quot;camera&quot;:&quot;&quot;,&quot;caption&quot;:&quot;&quot;,&quot;created_timestamp&quot;:&quot;0&quot;,&quot;copyright&quot;:&quot;&quot;,&quot;focal_length&quot;:&quot;0&quot;,&quot;iso&quot;:&quot;0&quot;,&quot;shutter_speed&quot;:&quot;0&quot;,&quot;title&quot;:&quot;&quot;,&quot;orientation&quot;:&quot;0&quot;}\" data-image-title=\"el_atardecer_desde_mi_ventana\" data-image-description=\"\" data-image-caption=\"\" data-large-file=\"https:\/\/cloud.alqueria.es\/wp-content\/uploads\/sites\/5\/2017\/11\/el_atardecer_desde_mi_ventana-768x1024.jpg\" class=\"aligncenter wp-image-4728 size-medium\" src=\"https:\/\/cloud.alqueria.es\/wp-content\/uploads\/sites\/5\/2017\/11\/el_atardecer_desde_mi_ventana.jpg\" alt=\"\" width=\"225\" height=\"300\" srcset=\"https:\/\/cloud.alqueria.es\/wp-content\/uploads\/sites\/5\/2017\/11\/el_atardecer_desde_mi_ventana.jpg 768w, https:\/\/cloud.alqueria.es\/wp-content\/uploads\/sites\/5\/2017\/11\/el_atardecer_desde_mi_ventana.jpg 225w\" sizes=\"(max-width: 225px) 100vw, 225px\" \/><\/p>\n<p>Adem\u00e1s, hoy viernes ha tenido lugar la conferencia de Marina, que nos ha hablado de internet y del uso que podemos hacer de esta herramienta. Adem\u00e1s nos ha propuesto una interesante actividad para la clase de \u00e9tica mediante un juego de rol para resolver un caso donde se presentaba un mal uso de la red por chicos de nuestra edad.<br \/>\n<img decoding=\"async\" data-attachment-id=\"4725\" data-permalink=\"https:\/\/www.alqueria.es\/blogs\/colegioalqueriatercerciclo\/2017\/11\/24\/noviembre-en-quinto\/conferencia-2\/\" data-orig-file=\"https:\/\/cloud.alqueria.es\/wp-content\/uploads\/sites\/5\/2017\/11\/conferencia.jpg\" data-orig-size=\"170,297\" data-comments-opened=\"1\" data-image-meta=\"{&quot;aperture&quot;:&quot;0&quot;,&quot;credit&quot;:&quot;&quot;,&quot;camera&quot;:&quot;&quot;,&quot;caption&quot;:&quot;&quot;,&quot;created_timestamp&quot;:&quot;0&quot;,&quot;copyright&quot;:&quot;&quot;,&quot;focal_length&quot;:&quot;0&quot;,&quot;iso&quot;:&quot;0&quot;,&quot;shutter_speed&quot;:&quot;0&quot;,&quot;title&quot;:&quot;&quot;,&quot;orientation&quot;:&quot;0&quot;}\" data-image-title=\"conferencia\" data-image-description=\"\" data-image-caption=\"\" data-large-file=\"https:\/\/cloud.alqueria.es\/wp-content\/uploads\/sites\/5\/2017\/11\/conferencia.jpg\" class=\"aligncenter size-full wp-image-4725\" src=\"https:\/\/cloud.alqueria.es\/wp-content\/uploads\/sites\/5\/2017\/11\/conferencia.jpg\" alt=\"\" width=\"170\" height=\"297\" \/><\/p>\n<p>Esta\u00a0 conferencia ha supuesto un punto de partida para la reflexi\u00f3n que continuar\u00e1 el pr\u00f3ximo jueves 30 donde tendremos una charla impartida por la Polic\u00eda Nacional, dentro del Plan Director, con esta misma tem\u00e1tica.<\/p>\n<p><img decoding=\"async\" data-attachment-id=\"4729\" data-permalink=\"https:\/\/www.alqueria.es\/blogs\/colegioalqueriatercerciclo\/2017\/11\/24\/noviembre-en-quinto\/plandirector_1\/\" data-orig-file=\"https:\/\/cloud.alqueria.es\/wp-content\/uploads\/sites\/5\/2017\/11\/plandirector_1.png\" data-orig-size=\"546,783\" data-comments-opened=\"1\" data-image-meta=\"{&quot;aperture&quot;:&quot;0&quot;,&quot;credit&quot;:&quot;&quot;,&quot;camera&quot;:&quot;&quot;,&quot;caption&quot;:&quot;&quot;,&quot;created_timestamp&quot;:&quot;0&quot;,&quot;copyright&quot;:&quot;&quot;,&quot;focal_length&quot;:&quot;0&quot;,&quot;iso&quot;:&quot;0&quot;,&quot;shutter_speed&quot;:&quot;0&quot;,&quot;title&quot;:&quot;&quot;,&quot;orientation&quot;:&quot;0&quot;}\" data-image-title=\"plandirector_1\" data-image-description=\"\" data-image-caption=\"\" data-large-file=\"https:\/\/cloud.alqueria.es\/wp-content\/uploads\/sites\/5\/2017\/11\/plandirector_1.png\" class=\"aligncenter wp-image-4729 size-medium\" src=\"https:\/\/cloud.alqueria.es\/wp-content\/uploads\/sites\/5\/2017\/11\/plandirector_1.png\" alt=\"\" width=\"209\" height=\"300\" srcset=\"https:\/\/cloud.alqueria.es\/wp-content\/uploads\/sites\/5\/2017\/11\/plandirector_1.png 546w, https:\/\/cloud.alqueria.es\/wp-content\/uploads\/sites\/5\/2017\/11\/plandirector_1.png 209w\" sizes=\"(max-width: 209px) 100vw, 209px\" \/><\/p>\n<p>Seguimos navegando.<\/p>\n<p>Un saludo.<\/p>\n<p>Jose.<\/p>\n","protected":false},"excerpt":{"rendered":"<p>Buenas tardes, Durante este mes de noviembre hemos estado trabajando en ciencias naturales sobre los ecosistemas. Est\u00e1 siendo un trabajo de b\u00fasqueda de informaci\u00f3n en grupo, para la creaci\u00f3n de un p\u00f3ster que compartimos con el resto de compa\u00f1eros. Comenzamos con la puesta en com\u00fan de unos t\u00e9rminos generales: biotopo, biocenosis, ecosistema, especie, ecosfera, etc. &hellip; <a href=\"https:\/\/www.alqueria.es\/blogs\/colegioalqueriatercerciclo\/2017\/11\/24\/noviembre-en-quinto\/\" class=\"more-link\">Seguir leyendo <span class=\"screen-reader-text\">Noviembre en QUINTO.<\/span> <span class=\"meta-nav\">&rarr;<\/span><\/a><\/p>\n","protected":false},"author":9,"featured_media":0,"comment_status":"open","ping_status":"open","sticky":false,"template":"","format":"standard","meta":{"jetpack_post_was_ever_published":false,"_jetpack_newsletter_access":"","_jetpack_dont_email_post_to_subs":false,"_jetpack_newsletter_tier_id":0,"_jetpack_memberships_contains_paywalled_content":false,"_jetpack_memberships_contains_paid_content":false,"footnotes":"","jetpack_publicize_message":"","jetpack_publicize_feature_enabled":true,"jetpack_social_post_already_shared":true,"jetpack_social_options":{"image_generator_settings":{"template":"highway","default_image_id":0,"font":"","enabled":false},"version":2}},"categories":[2,14],"tags":[179],"class_list":["post-4724","post","type-post","status-publish","format-standard","hentry","category-5o-epo","category-semanario-5o","tag-semanario-5o"],"jetpack_publicize_connections":[],"jetpack_featured_media_url":"","jetpack_sharing_enabled":true,"jetpack_shortlink":"https:\/\/wp.me\/p4l4AW-1ec","jetpack-related-posts":[],"_links":{"self":[{"href":"https:\/\/www.alqueria.es\/blogs\/colegioalqueriatercerciclo\/wp-json\/wp\/v2\/posts\/4724","targetHints":{"allow":["GET"]}}],"collection":[{"href":"https:\/\/www.alqueria.es\/blogs\/colegioalqueriatercerciclo\/wp-json\/wp\/v2\/posts"}],"about":[{"href":"https:\/\/www.alqueria.es\/blogs\/colegioalqueriatercerciclo\/wp-json\/wp\/v2\/types\/post"}],"author":[{"embeddable":true,"href":"https:\/\/www.alqueria.es\/blogs\/colegioalqueriatercerciclo\/wp-json\/wp\/v2\/users\/9"}],"replies":[{"embeddable":true,"href":"https:\/\/www.alqueria.es\/blogs\/colegioalqueriatercerciclo\/wp-json\/wp\/v2\/comments?post=4724"}],"version-history":[{"count":0,"href":"https:\/\/www.alqueria.es\/blogs\/colegioalqueriatercerciclo\/wp-json\/wp\/v2\/posts\/4724\/revisions"}],"wp:attachment":[{"href":"https:\/\/www.alqueria.es\/blogs\/colegioalqueriatercerciclo\/wp-json\/wp\/v2\/media?parent=4724"}],"wp:term":[{"taxonomy":"category","embeddable":true,"href":"https:\/\/www.alqueria.es\/blogs\/colegioalqueriatercerciclo\/wp-json\/wp\/v2\/categories?post=4724"},{"taxonomy":"post_tag","embeddable":true,"href":"https:\/\/www.alqueria.es\/blogs\/colegioalqueriatercerciclo\/wp-json\/wp\/v2\/tags?post=4724"}],"curies":[{"name":"wp","href":"https:\/\/api.w.org\/{rel}","templated":true}]}}