{"id":5853,"date":"2019-02-18T16:00:18","date_gmt":"2019-02-18T15:00:18","guid":{"rendered":"https:\/\/www.alqueria.es\/blogs\/colegioalqueria\/?p=5853"},"modified":"2019-02-19T10:35:25","modified_gmt":"2019-02-19T09:35:25","slug":"previo-semana-cultural","status":"publish","type":"post","link":"https:\/\/www.alqueria.es\/blogs\/colegioalqueriatercerciclo\/2019\/02\/18\/previo-semana-cultural\/","title":{"rendered":"Previo Semana Cultural"},"content":{"rendered":"<p>Durante esta semana hemos estado ultimando el trabajo previo de la Semana Cultural (18-21 de febrero).\u00a0 El esfuerzo mayor ha sido el Proyecto de investigaci\u00f3n sobre el agua. El objetivo que el grupo de quinto ten\u00eda, ha sido investigar diferentes aspectos relacionados con el agua y despu\u00e9s de consultar en diversas fuentes de informaci\u00f3n: libros, Internet, conferencias, visionado de documentales, talleres relacionados, enciclopedias; elaborar un informe que sea el que oriente nuestras comunicaciones orales del trabajo realizado al resto de grupos.<\/p>\n<p>Concluidas las investigaciones cada pareja ha elaborado presentaciones en cartulinas sobre el tema a exponer. Estas cartulinas nos servir\u00e1n a modo de gu\u00eda para mediante im\u00e1genes, esquemas, dibujos, podamos hacer m\u00e1s visible al alumnado de 3\u00ba a 6\u00ba lo trabajado por cada alumno y alumna. El lunes quedar\u00e1n expuestos en los expositores los trabajos de cada pareja. Aqu\u00ed os dejo una muestra. Faltan algunos porque a\u00fan quedaban aspectos por terminar.<\/p>\n<p class=\"jetpack-slideshow-noscript robots-nocontent\">El pase de diapositivas requiere JavaScript.<\/p><div id=\"gallery-5853-1-slideshow\" class=\"jetpack-slideshow-window jetpack-slideshow jetpack-slideshow-black\" data-trans=\"fade\" data-autostart=\"1\" data-gallery=\"[{&quot;src&quot;:&quot;https:\\\/\\\/cloud.alqueria.es\\\/wp-content\\\/uploads\\\/sites\\\/5\\\/2019\\\/02\\\/grupo8.jpg&quot;,&quot;id&quot;:&quot;5868&quot;,&quot;title&quot;:&quot;grupo8&quot;,&quot;alt&quot;:&quot;&quot;,&quot;caption&quot;:&quot;&quot;,&quot;itemprop&quot;:&quot;image&quot;},{&quot;src&quot;:&quot;https:\\\/\\\/cloud.alqueria.es\\\/wp-content\\\/uploads\\\/sites\\\/5\\\/2019\\\/02\\\/grupo3.png&quot;,&quot;id&quot;:&quot;5867&quot;,&quot;title&quot;:&quot;grupo3&quot;,&quot;alt&quot;:&quot;&quot;,&quot;caption&quot;:&quot;&quot;,&quot;itemprop&quot;:&quot;image&quot;},{&quot;src&quot;:&quot;https:\\\/\\\/cloud.alqueria.es\\\/wp-content\\\/uploads\\\/sites\\\/5\\\/2019\\\/02\\\/grupo-9.jpg&quot;,&quot;id&quot;:&quot;5866&quot;,&quot;title&quot;:&quot;grupo-9&quot;,&quot;alt&quot;:&quot;&quot;,&quot;caption&quot;:&quot;&quot;,&quot;itemprop&quot;:&quot;image&quot;},{&quot;src&quot;:&quot;https:\\\/\\\/cloud.alqueria.es\\\/wp-content\\\/uploads\\\/sites\\\/5\\\/2019\\\/02\\\/grupo-7.jpg&quot;,&quot;id&quot;:&quot;5865&quot;,&quot;title&quot;:&quot;grupo-7&quot;,&quot;alt&quot;:&quot;&quot;,&quot;caption&quot;:&quot;&quot;,&quot;itemprop&quot;:&quot;image&quot;},{&quot;src&quot;:&quot;https:\\\/\\\/cloud.alqueria.es\\\/wp-content\\\/uploads\\\/sites\\\/5\\\/2019\\\/02\\\/grupo-6.jpg&quot;,&quot;id&quot;:&quot;5864&quot;,&quot;title&quot;:&quot;grupo-6&quot;,&quot;alt&quot;:&quot;&quot;,&quot;caption&quot;:&quot;&quot;,&quot;itemprop&quot;:&quot;image&quot;},{&quot;src&quot;:&quot;https:\\\/\\\/cloud.alqueria.es\\\/wp-content\\\/uploads\\\/sites\\\/5\\\/2019\\\/02\\\/grupo-1.png&quot;,&quot;id&quot;:&quot;5860&quot;,&quot;title&quot;:&quot;grupo-1&quot;,&quot;alt&quot;:&quot;&quot;,&quot;caption&quot;:&quot;&quot;,&quot;itemprop&quot;:&quot;image&quot;},{&quot;src&quot;:&quot;https:\\\/\\\/cloud.alqueria.es\\\/wp-content\\\/uploads\\\/sites\\\/5\\\/2019\\\/02\\\/grupo-2.jpg&quot;,&quot;id&quot;:&quot;5861&quot;,&quot;title&quot;:&quot;grupo-2&quot;,&quot;alt&quot;:&quot;&quot;,&quot;caption&quot;:&quot;&quot;,&quot;itemprop&quot;:&quot;image&quot;},{&quot;src&quot;:&quot;https:\\\/\\\/cloud.alqueria.es\\\/wp-content\\\/uploads\\\/sites\\\/5\\\/2019\\\/02\\\/grupo-4.jpg&quot;,&quot;id&quot;:&quot;5862&quot;,&quot;title&quot;:&quot;grupo-4&quot;,&quot;alt&quot;:&quot;&quot;,&quot;caption&quot;:&quot;&quot;,&quot;itemprop&quot;:&quot;image&quot;},{&quot;src&quot;:&quot;https:\\\/\\\/cloud.alqueria.es\\\/wp-content\\\/uploads\\\/sites\\\/5\\\/2019\\\/02\\\/grupo-5.jpg&quot;,&quot;id&quot;:&quot;5863&quot;,&quot;title&quot;:&quot;grupo-5&quot;,&quot;alt&quot;:&quot;&quot;,&quot;caption&quot;:&quot;&quot;,&quot;itemprop&quot;:&quot;image&quot;},{&quot;src&quot;:&quot;https:\\\/\\\/cloud.alqueria.es\\\/wp-content\\\/uploads\\\/sites\\\/5\\\/2019\\\/02\\\/agua.jpg&quot;,&quot;id&quot;:&quot;5873&quot;,&quot;title&quot;:&quot;agua&quot;,&quot;alt&quot;:&quot;&quot;,&quot;caption&quot;:&quot;&quot;,&quot;itemprop&quot;:&quot;image&quot;},{&quot;src&quot;:&quot;https:\\\/\\\/cloud.alqueria.es\\\/wp-content\\\/uploads\\\/sites\\\/5\\\/2019\\\/02\\\/usos.jpg&quot;,&quot;id&quot;:&quot;5874&quot;,&quot;title&quot;:&quot;usos&quot;,&quot;alt&quot;:&quot;&quot;,&quot;caption&quot;:&quot;&quot;,&quot;itemprop&quot;:&quot;image&quot;}]\" itemscope itemtype=\"https:\/\/schema.org\/ImageGallery\"><\/div>\n<p>Cada pareja ha trabajado no solamente contenido de aprendizaje sino que tambi\u00e9n ha realizado un aprendizaje a nivel social, afectivo, tambi\u00e9n cognitivo. Han tenido que emplear habilidades de todo tipo para resolver situaciones que se le iban planteando, como puede ser aceptar las sugerencias de mejora que me plantea la tutora, o mi propio compa\u00f1ero. Han tenido que rehacer trabajo que estaba hecho pero que no era adecuado en alg\u00fan aspecto&#8230;.<\/p>\n<p>Este proyecto ha sido muy importante, desde mi visi\u00f3n de tutora, por todas las herramientas que les he pedido en la realizaci\u00f3n del mismo, \u00a0que pusieran a disposici\u00f3n\u00a0para elaborar un proyecto de gran calidad para exponer al resto de compa\u00f1eras y compa\u00f1eros del centro. En primer lugar elaborar sin ayuda un mapa conceptual con todos los aspectos que a su criterio ten\u00edan que investigarse sobre el agua. Despu\u00e9s decidir con qui\u00e9n iban a trabajar, qu\u00e9 compromisos adquir\u00edan con su trabajo, reparto de responsabilidades, tareas e implicaci\u00f3n en el desarrollo de las diferentes sesiones. Una vez decidido que investigar, hab\u00eda que realizar b\u00fasqueda de informaci\u00f3n y llegar a elaborar\u00a0 con todos los datos un informe que es lo que van a exponer durante los d\u00edas de la Semana Cultural.<\/p>\n<p>Esperamos que disfruten con todas las actividades programadas.<\/p>\n<p>Isabel<\/p>\n","protected":false},"excerpt":{"rendered":"<p>Durante esta semana hemos estado ultimando el trabajo previo de la Semana Cultural (18-21 de febrero).\u00a0 El esfuerzo mayor ha sido el Proyecto de investigaci\u00f3n sobre el agua. El objetivo que el grupo de quinto ten\u00eda, ha sido investigar diferentes aspectos relacionados con el agua y despu\u00e9s de consultar en diversas fuentes de informaci\u00f3n: libros, &hellip; <a href=\"https:\/\/www.alqueria.es\/blogs\/colegioalqueriatercerciclo\/2019\/02\/18\/previo-semana-cultural\/\" class=\"more-link\">Seguir leyendo <span class=\"screen-reader-text\">Previo Semana Cultural<\/span> <span class=\"meta-nav\">&rarr;<\/span><\/a><\/p>\n","protected":false},"author":9,"featured_media":0,"comment_status":"open","ping_status":"open","sticky":false,"template":"","format":"standard","meta":{"jetpack_post_was_ever_published":false,"_jetpack_newsletter_access":"","_jetpack_dont_email_post_to_subs":false,"_jetpack_newsletter_tier_id":0,"_jetpack_memberships_contains_paywalled_content":false,"_jetpack_memberships_contains_paid_content":false,"footnotes":"","jetpack_publicize_message":"","jetpack_publicize_feature_enabled":true,"jetpack_social_post_already_shared":true,"jetpack_social_options":{"image_generator_settings":{"template":"highway","default_image_id":0,"font":"","enabled":false},"version":2}},"categories":[2,354],"tags":[325,381],"class_list":["post-5853","post","type-post","status-publish","format-standard","hentry","category-5o-epo","category-proyectos-de-trabajo","tag-informacion-a-familias","tag-semana-cultural-agua"],"jetpack_publicize_connections":[],"jetpack_featured_media_url":"","jetpack_sharing_enabled":true,"jetpack_shortlink":"https:\/\/wp.me\/p4l4AW-1wp","jetpack-related-posts":[],"_links":{"self":[{"href":"https:\/\/www.alqueria.es\/blogs\/colegioalqueriatercerciclo\/wp-json\/wp\/v2\/posts\/5853","targetHints":{"allow":["GET"]}}],"collection":[{"href":"https:\/\/www.alqueria.es\/blogs\/colegioalqueriatercerciclo\/wp-json\/wp\/v2\/posts"}],"about":[{"href":"https:\/\/www.alqueria.es\/blogs\/colegioalqueriatercerciclo\/wp-json\/wp\/v2\/types\/post"}],"author":[{"embeddable":true,"href":"https:\/\/www.alqueria.es\/blogs\/colegioalqueriatercerciclo\/wp-json\/wp\/v2\/users\/9"}],"replies":[{"embeddable":true,"href":"https:\/\/www.alqueria.es\/blogs\/colegioalqueriatercerciclo\/wp-json\/wp\/v2\/comments?post=5853"}],"version-history":[{"count":0,"href":"https:\/\/www.alqueria.es\/blogs\/colegioalqueriatercerciclo\/wp-json\/wp\/v2\/posts\/5853\/revisions"}],"wp:attachment":[{"href":"https:\/\/www.alqueria.es\/blogs\/colegioalqueriatercerciclo\/wp-json\/wp\/v2\/media?parent=5853"}],"wp:term":[{"taxonomy":"category","embeddable":true,"href":"https:\/\/www.alqueria.es\/blogs\/colegioalqueriatercerciclo\/wp-json\/wp\/v2\/categories?post=5853"},{"taxonomy":"post_tag","embeddable":true,"href":"https:\/\/www.alqueria.es\/blogs\/colegioalqueriatercerciclo\/wp-json\/wp\/v2\/tags?post=5853"}],"curies":[{"name":"wp","href":"https:\/\/api.w.org\/{rel}","templated":true}]}}