{"id":6254,"date":"2019-04-24T16:45:02","date_gmt":"2019-04-24T14:45:02","guid":{"rendered":"https:\/\/www.alqueria.es\/blogs\/colegioalqueria\/?p=6254"},"modified":"2019-04-24T16:45:02","modified_gmt":"2019-04-24T14:45:02","slug":"marcapaginas-por-la-solidaridad","status":"publish","type":"post","link":"https:\/\/www.alqueria.es\/blogs\/colegioalqueriatercerciclo\/2019\/04\/24\/marcapaginas-por-la-solidaridad\/","title":{"rendered":"Marcap\u00e1ginas por la solidaridad"},"content":{"rendered":"<p>Comenzamos esta nueva temporada trimestral con una actividad solidaria a trav\u00e9s de la ONG <a href=\"https:\/\/www.savethechildren.es\/centros-educativos\/marcapaginas-por-la-solidaridad\">Save the Children<\/a> por una causa muy cercana a ellos: <strong>asegurar el Derecho a la educaci\u00f3n y a la escuela como lugar seguro para los ni\u00f1os y ni\u00f1as v\u00edctimas de conflictos armados.<\/strong><\/p>\n<p><span class=\"embed-youtube\" style=\"text-align:center; display: block;\"><div class=\"a25-CTUOC-hidding-box\" data-original-content=\"&lt;iframe loading=&quot;lazy&quot; class=&quot;youtube-player&quot; width=&quot;474&quot; height=&quot;267&quot; src=&quot;https:\/\/www.youtube.com\/embed\/mYPR9aF65ms?version=3&amp;#038;rel=1&amp;#038;showsearch=0&amp;#038;showinfo=1&amp;#038;iv_load_policy=1&amp;#038;fs=1&amp;#038;hl=es-ES&amp;#038;autohide=2&amp;#038;wmode=transparent&quot; allowfullscreen=&quot;true&quot; style=&quot;border:0;&quot; sandbox=&quot;allow-scripts allow-same-origin allow-popups allow-presentation allow-popups-to-escape-sandbox&quot;&gt;&lt;\/iframe&gt;\">Esta p\u00e1gina incluye contenido multimedia que requiere aceptar todas las cookies. Pulse aqu\u00ed para abrir la configuraci\u00f3n de cookies.<\/div><\/span><\/p>\n<p>Para el d\u00eda del Libro (en <a href=\"https:\/\/www.alqueria.es\/\">Alquer\u00eda<\/a> semana de la lectura), impulsamos esta idea en la etapa de Primaria para crear con el alumnado varios marcap\u00e1ginas por la solidaridad. Los decoran y los hacen llegar a familiares, conocidos o cualquier persona que quiera colaborar por este motivo. Estos marcap\u00e1ginas han sido facilitados por la ONG Save the Children, impulsora de la idea. Cada marcap\u00e1ginas tiene un precio simb\u00f3lico de un euro. Lo recaudado a lo largo de esta semana, ser\u00e1 destinado a programas de educaci\u00f3n en zonas de conflicto, a menores refugiados y v\u00edctimas de la guerra.<\/p>\n<p>El derecho a la educaci\u00f3n es algo tan esencial en nuestro pa\u00eds que ellos mismos lo tienen integrado en el d\u00eda a d\u00eda de sus vidas, pero hay lugares en los que los conflictos son tan enormes que desembocan en destrucciones de edificios escolares, entre otros, ataques a docentes y alumnos rompiendo la armon\u00eda y desarrollo personal de menores y adultos.<\/p>\n<p>Ha sido una buena idea para concienciar a nuestro alumnado, trabajar en valores y motivo de colaboraci\u00f3n por una causa evidente: EL DERECHO A LA EDUCACI\u00d3N Y UNA PAZ LEJOS DE CONFLICTOS.<\/p>\n<p>Tercer ciclo de Primaria.<\/p>\n","protected":false},"excerpt":{"rendered":"<p>Comenzamos esta nueva temporada trimestral con una actividad solidaria a trav\u00e9s de la ONG Save the Children por una causa muy cercana a ellos: asegurar el Derecho a la educaci\u00f3n y a la escuela como lugar seguro para los ni\u00f1os y ni\u00f1as v\u00edctimas de conflictos armados. Esta p\u00e1gina incluye contenido multimedia que requiere aceptar todas &hellip; <a href=\"https:\/\/www.alqueria.es\/blogs\/colegioalqueriatercerciclo\/2019\/04\/24\/marcapaginas-por-la-solidaridad\/\" class=\"more-link\">Seguir leyendo <span class=\"screen-reader-text\">Marcap\u00e1ginas por la solidaridad<\/span> <span class=\"meta-nav\">&rarr;<\/span><\/a><\/p>\n","protected":false},"author":3,"featured_media":0,"comment_status":"open","ping_status":"open","sticky":false,"template":"","format":"standard","meta":{"jetpack_post_was_ever_published":false,"_jetpack_newsletter_access":"","_jetpack_dont_email_post_to_subs":false,"_jetpack_newsletter_tier_id":0,"_jetpack_memberships_contains_paywalled_content":false,"_jetpack_memberships_contains_paid_content":false,"footnotes":"","jetpack_publicize_message":"","jetpack_publicize_feature_enabled":true,"jetpack_social_post_already_shared":true,"jetpack_social_options":{"image_generator_settings":{"template":"highway","default_image_id":0,"font":"","enabled":false},"version":2}},"categories":[2,3,11,14,15],"tags":[414,415,411,412,410,413],"class_list":["post-6254","post","type-post","status-publish","format-standard","hentry","category-5o-epo","category-6o-epo","category-noticias-2-0","category-semanario-5o","category-semanario-6o","tag-colaboracion","tag-educacion","tag-marcapaginas-solidario","tag-ong","tag-save-the-children","tag-solidaridad"],"jetpack_publicize_connections":[],"jetpack_featured_media_url":"","jetpack_sharing_enabled":true,"jetpack_shortlink":"https:\/\/wp.me\/p4l4AW-1CS","jetpack-related-posts":[],"_links":{"self":[{"href":"https:\/\/www.alqueria.es\/blogs\/colegioalqueriatercerciclo\/wp-json\/wp\/v2\/posts\/6254","targetHints":{"allow":["GET"]}}],"collection":[{"href":"https:\/\/www.alqueria.es\/blogs\/colegioalqueriatercerciclo\/wp-json\/wp\/v2\/posts"}],"about":[{"href":"https:\/\/www.alqueria.es\/blogs\/colegioalqueriatercerciclo\/wp-json\/wp\/v2\/types\/post"}],"author":[{"embeddable":true,"href":"https:\/\/www.alqueria.es\/blogs\/colegioalqueriatercerciclo\/wp-json\/wp\/v2\/users\/3"}],"replies":[{"embeddable":true,"href":"https:\/\/www.alqueria.es\/blogs\/colegioalqueriatercerciclo\/wp-json\/wp\/v2\/comments?post=6254"}],"version-history":[{"count":0,"href":"https:\/\/www.alqueria.es\/blogs\/colegioalqueriatercerciclo\/wp-json\/wp\/v2\/posts\/6254\/revisions"}],"wp:attachment":[{"href":"https:\/\/www.alqueria.es\/blogs\/colegioalqueriatercerciclo\/wp-json\/wp\/v2\/media?parent=6254"}],"wp:term":[{"taxonomy":"category","embeddable":true,"href":"https:\/\/www.alqueria.es\/blogs\/colegioalqueriatercerciclo\/wp-json\/wp\/v2\/categories?post=6254"},{"taxonomy":"post_tag","embeddable":true,"href":"https:\/\/www.alqueria.es\/blogs\/colegioalqueriatercerciclo\/wp-json\/wp\/v2\/tags?post=6254"}],"curies":[{"name":"wp","href":"https:\/\/api.w.org\/{rel}","templated":true}]}}