{"id":6262,"date":"2019-04-30T08:44:36","date_gmt":"2019-04-30T06:44:36","guid":{"rendered":"https:\/\/www.alqueria.es\/blogs\/colegioalqueria\/?p=6262"},"modified":"2019-04-30T08:44:36","modified_gmt":"2019-04-30T06:44:36","slug":"salida-a-granada","status":"publish","type":"post","link":"https:\/\/www.alqueria.es\/blogs\/colegioalqueriatercerciclo\/2019\/04\/30\/salida-a-granada\/","title":{"rendered":"Salida a Granada"},"content":{"rendered":"<p>Hoy viernes 26, el grupo de quinto hemos disfrutado de una estupenda clase en las calles y monumentos de la ciudad de Granada.<\/p>\n<p>Nuestro objetivo era conocer el centro hist\u00f3rico: algunos de los monumentos y plazas m\u00e1s importantes de nuestra ciudad. Estas semanas, en clase nos hemos organizado en parejas para preparar la salida, para buscar informaci\u00f3n que ofrecer al resto del grupo.<\/p>\n<div data-carousel-extra='{&quot;blog_id&quot;:5,&quot;permalink&quot;:&quot;https:\/\/www.alqueria.es\/blogs\/colegioalqueriatercerciclo\/2019\/04\/30\/salida-a-granada\/&quot;}' id='gallery-1' class='gallery galleryid-6262 gallery-columns-3 gallery-size-thumbnail'><figure class='gallery-item'>\n\t\t\t<div class='gallery-icon landscape'>\n\t\t\t\t<a href='https:\/\/www.alqueria.es\/blogs\/colegioalqueriatercerciclo\/2019\/04\/30\/salida-a-granada\/img-3417\/'><img decoding=\"async\" width=\"150\" height=\"150\" src=\"https:\/\/cloud.alqueria.es\/wp-content\/uploads\/sites\/5\/2019\/04\/IMG-3417.jpg\" class=\"attachment-thumbnail size-thumbnail\" alt=\"\" data-attachment-id=\"6267\" data-permalink=\"https:\/\/www.alqueria.es\/blogs\/colegioalqueriatercerciclo\/2019\/04\/30\/salida-a-granada\/img-3417\/\" data-orig-file=\"https:\/\/cloud.alqueria.es\/wp-content\/uploads\/sites\/5\/2019\/04\/IMG-3417.jpg\" data-orig-size=\"404,303\" data-comments-opened=\"1\" data-image-meta=\"{&quot;aperture&quot;:&quot;1.8&quot;,&quot;credit&quot;:&quot;&quot;,&quot;camera&quot;:&quot;iPhone 7&quot;,&quot;caption&quot;:&quot;&quot;,&quot;created_timestamp&quot;:&quot;1556282017&quot;,&quot;copyright&quot;:&quot;&quot;,&quot;focal_length&quot;:&quot;3.99&quot;,&quot;iso&quot;:&quot;20&quot;,&quot;shutter_speed&quot;:&quot;0.0010548523206751&quot;,&quot;title&quot;:&quot;&quot;,&quot;orientation&quot;:&quot;1&quot;}\" data-image-title=\"IMG-3417\" data-image-description=\"\" data-image-caption=\"\" data-large-file=\"https:\/\/cloud.alqueria.es\/wp-content\/uploads\/sites\/5\/2019\/04\/IMG-3417.jpg\" \/><\/a>\n\t\t\t<\/div><\/figure><figure class='gallery-item'>\n\t\t\t<div class='gallery-icon landscape'>\n\t\t\t\t<a href='https:\/\/www.alqueria.es\/blogs\/colegioalqueriatercerciclo\/2019\/04\/30\/salida-a-granada\/img-3409\/'><img decoding=\"async\" width=\"150\" height=\"150\" src=\"https:\/\/cloud.alqueria.es\/wp-content\/uploads\/sites\/5\/2019\/04\/IMG-3409.jpg\" class=\"attachment-thumbnail size-thumbnail\" alt=\"\" data-attachment-id=\"6266\" data-permalink=\"https:\/\/www.alqueria.es\/blogs\/colegioalqueriatercerciclo\/2019\/04\/30\/salida-a-granada\/img-3409\/\" data-orig-file=\"https:\/\/cloud.alqueria.es\/wp-content\/uploads\/sites\/5\/2019\/04\/IMG-3409.jpg\" data-orig-size=\"404,303\" data-comments-opened=\"1\" data-image-meta=\"{&quot;aperture&quot;:&quot;1.8&quot;,&quot;credit&quot;:&quot;&quot;,&quot;camera&quot;:&quot;iPhone 7&quot;,&quot;caption&quot;:&quot;&quot;,&quot;created_timestamp&quot;:&quot;1556281429&quot;,&quot;copyright&quot;:&quot;&quot;,&quot;focal_length&quot;:&quot;3.99&quot;,&quot;iso&quot;:&quot;20&quot;,&quot;shutter_speed&quot;:&quot;0.001953125&quot;,&quot;title&quot;:&quot;&quot;,&quot;orientation&quot;:&quot;1&quot;}\" data-image-title=\"IMG-3409\" data-image-description=\"\" data-image-caption=\"\" data-large-file=\"https:\/\/cloud.alqueria.es\/wp-content\/uploads\/sites\/5\/2019\/04\/IMG-3409.jpg\" \/><\/a>\n\t\t\t<\/div><\/figure><figure class='gallery-item'>\n\t\t\t<div class='gallery-icon landscape'>\n\t\t\t\t<a href='https:\/\/www.alqueria.es\/blogs\/colegioalqueriatercerciclo\/2019\/04\/30\/salida-a-granada\/img-3396\/'><img decoding=\"async\" width=\"150\" height=\"150\" src=\"https:\/\/cloud.alqueria.es\/wp-content\/uploads\/sites\/5\/2019\/04\/IMG-3396.jpg\" class=\"attachment-thumbnail size-thumbnail\" alt=\"\" data-attachment-id=\"6264\" data-permalink=\"https:\/\/www.alqueria.es\/blogs\/colegioalqueriatercerciclo\/2019\/04\/30\/salida-a-granada\/img-3396\/\" data-orig-file=\"https:\/\/cloud.alqueria.es\/wp-content\/uploads\/sites\/5\/2019\/04\/IMG-3396.jpg\" data-orig-size=\"404,303\" data-comments-opened=\"1\" data-image-meta=\"{&quot;aperture&quot;:&quot;1.8&quot;,&quot;credit&quot;:&quot;&quot;,&quot;camera&quot;:&quot;iPhone 7&quot;,&quot;caption&quot;:&quot;&quot;,&quot;created_timestamp&quot;:&quot;1556274296&quot;,&quot;copyright&quot;:&quot;&quot;,&quot;focal_length&quot;:&quot;3.99&quot;,&quot;iso&quot;:&quot;25&quot;,&quot;shutter_speed&quot;:&quot;0.01&quot;,&quot;title&quot;:&quot;&quot;,&quot;orientation&quot;:&quot;1&quot;}\" data-image-title=\"IMG-3396\" data-image-description=\"\" data-image-caption=\"\" data-large-file=\"https:\/\/cloud.alqueria.es\/wp-content\/uploads\/sites\/5\/2019\/04\/IMG-3396.jpg\" \/><\/a>\n\t\t\t<\/div><\/figure><figure class='gallery-item'>\n\t\t\t<div class='gallery-icon landscape'>\n\t\t\t\t<a href='https:\/\/www.alqueria.es\/blogs\/colegioalqueriatercerciclo\/2019\/04\/30\/salida-a-granada\/img-3384\/'><img decoding=\"async\" width=\"150\" height=\"150\" src=\"https:\/\/cloud.alqueria.es\/wp-content\/uploads\/sites\/5\/2019\/04\/IMG-3384.jpg\" class=\"attachment-thumbnail size-thumbnail\" alt=\"\" data-attachment-id=\"6263\" data-permalink=\"https:\/\/www.alqueria.es\/blogs\/colegioalqueriatercerciclo\/2019\/04\/30\/salida-a-granada\/img-3384\/\" data-orig-file=\"https:\/\/cloud.alqueria.es\/wp-content\/uploads\/sites\/5\/2019\/04\/IMG-3384.jpg\" data-orig-size=\"504,378\" data-comments-opened=\"1\" data-image-meta=\"{&quot;aperture&quot;:&quot;1.8&quot;,&quot;credit&quot;:&quot;&quot;,&quot;camera&quot;:&quot;iPhone 7&quot;,&quot;caption&quot;:&quot;&quot;,&quot;created_timestamp&quot;:&quot;1556272843&quot;,&quot;copyright&quot;:&quot;&quot;,&quot;focal_length&quot;:&quot;3.99&quot;,&quot;iso&quot;:&quot;20&quot;,&quot;shutter_speed&quot;:&quot;0.0012121212121212&quot;,&quot;title&quot;:&quot;&quot;,&quot;orientation&quot;:&quot;1&quot;}\" data-image-title=\"IMG-3384\" data-image-description=\"\" data-image-caption=\"\" data-large-file=\"https:\/\/cloud.alqueria.es\/wp-content\/uploads\/sites\/5\/2019\/04\/IMG-3384.jpg\" \/><\/a>\n\t\t\t<\/div><\/figure>\n\t\t<\/div>\n\n<p>Los grupos de trabajo se han organizado en la b\u00fasqueda de informaci\u00f3n en torno a los siguientes monumentos y plazas:<\/p>\n<ul>\n<li>Plaza de las Pasiegas, Romanilla y Pescader\u00eda<\/li>\n<li>Plaza de Alonso Cano y Curia eclesi\u00e1stica.<\/li>\n<li>Plaza Bib-Rambla.<\/li>\n<li>Alcaicer\u00eda y Calle Oficios.<\/li>\n<li>Catedral.<\/li>\n<li>Madraza.<\/li>\n<li>Corral del Carb\u00f3n.<\/li>\n<li>Capilla Real.<\/li>\n<li>Plaza Nueva y Real Chanciller\u00eda.<\/li>\n<li>Plaza del Carmen y Ayuntamiento.<\/li>\n<li>Puerta Real.<\/li>\n<\/ul>\n<p>Cada grupo deb\u00eda prepararse para ser los gu\u00edas tur\u00edsticos de sus compa\u00f1eros, cuando lleg\u00e1semos al lugar correspondiente en nuestro recorrido durante la visita. Para ello cada grupo ha preparado un folleto informativo, tur\u00edstico para compartir la informaci\u00f3n con el resto de la clase. Pod\u00e9is ver sus trabajos en el expositor de la clase.\u00a0 Durante el recorrido hemos compartido con el grupo de cuarto de Primaria algunas de las exposiciones, como el Corral del Carb\u00f3n y el Edificio de la Paz.<\/p>\n<p>&nbsp;<\/p>\n<p>Por otra parte hemos iniciado la \u00faltima parte del curso trabajando las magnitudes, los cambios de unidad, la resoluci\u00f3n de problemas. En el \u00e1rea de lengua seguimos escribiendo los Cuentos de Abril y analizando oraciones.<\/p>\n<p>En el blog de primer ciclo y en Facebook pod\u00e9is leer una entrada de los teatros realizados por las familias del centro para celebrar la Semana de la lectura.\u00a0 Agradecemos a todas las familias su participaci\u00f3n en esta semana tanto en la realizaci\u00f3n de los teatros como a las participantes en lecturas de libros, representaciones de cuentos&#8230;.<\/p>\n<p>Un saludo, Isa<\/p>\n<p>&nbsp;<\/p>\n<p>&nbsp;<\/p>\n","protected":false},"excerpt":{"rendered":"<p>Hoy viernes 26, el grupo de quinto hemos disfrutado de una estupenda clase en las calles y monumentos de la ciudad de Granada. Nuestro objetivo era conocer el centro hist\u00f3rico: algunos de los monumentos y plazas m\u00e1s importantes de nuestra ciudad. Estas semanas, en clase nos hemos organizado en parejas para preparar la salida, para &hellip; <a href=\"https:\/\/www.alqueria.es\/blogs\/colegioalqueriatercerciclo\/2019\/04\/30\/salida-a-granada\/\" class=\"more-link\">Seguir leyendo <span class=\"screen-reader-text\">Salida a Granada<\/span> <span class=\"meta-nav\">&rarr;<\/span><\/a><\/p>\n","protected":false},"author":9,"featured_media":0,"comment_status":"open","ping_status":"open","sticky":false,"template":"","format":"standard","meta":{"jetpack_post_was_ever_published":false,"_jetpack_newsletter_access":"","_jetpack_dont_email_post_to_subs":false,"_jetpack_newsletter_tier_id":0,"_jetpack_memberships_contains_paywalled_content":false,"_jetpack_memberships_contains_paid_content":false,"footnotes":"","jetpack_publicize_message":"","jetpack_publicize_feature_enabled":true,"jetpack_social_post_already_shared":true,"jetpack_social_options":{"image_generator_settings":{"template":"highway","default_image_id":0,"font":"","enabled":false},"version":2}},"categories":[2,12,14],"tags":[325,80,179,92],"class_list":["post-6262","post","type-post","status-publish","format-standard","hentry","category-5o-epo","category-salidas-5o","category-semanario-5o","tag-informacion-a-familias","tag-quinto","tag-semanario-5o","tag-taller-de-escritura"],"jetpack_publicize_connections":[],"jetpack_featured_media_url":"","jetpack_sharing_enabled":true,"jetpack_shortlink":"https:\/\/wp.me\/p4l4AW-1D0","jetpack-related-posts":[],"_links":{"self":[{"href":"https:\/\/www.alqueria.es\/blogs\/colegioalqueriatercerciclo\/wp-json\/wp\/v2\/posts\/6262","targetHints":{"allow":["GET"]}}],"collection":[{"href":"https:\/\/www.alqueria.es\/blogs\/colegioalqueriatercerciclo\/wp-json\/wp\/v2\/posts"}],"about":[{"href":"https:\/\/www.alqueria.es\/blogs\/colegioalqueriatercerciclo\/wp-json\/wp\/v2\/types\/post"}],"author":[{"embeddable":true,"href":"https:\/\/www.alqueria.es\/blogs\/colegioalqueriatercerciclo\/wp-json\/wp\/v2\/users\/9"}],"replies":[{"embeddable":true,"href":"https:\/\/www.alqueria.es\/blogs\/colegioalqueriatercerciclo\/wp-json\/wp\/v2\/comments?post=6262"}],"version-history":[{"count":0,"href":"https:\/\/www.alqueria.es\/blogs\/colegioalqueriatercerciclo\/wp-json\/wp\/v2\/posts\/6262\/revisions"}],"wp:attachment":[{"href":"https:\/\/www.alqueria.es\/blogs\/colegioalqueriatercerciclo\/wp-json\/wp\/v2\/media?parent=6262"}],"wp:term":[{"taxonomy":"category","embeddable":true,"href":"https:\/\/www.alqueria.es\/blogs\/colegioalqueriatercerciclo\/wp-json\/wp\/v2\/categories?post=6262"},{"taxonomy":"post_tag","embeddable":true,"href":"https:\/\/www.alqueria.es\/blogs\/colegioalqueriatercerciclo\/wp-json\/wp\/v2\/tags?post=6262"}],"curies":[{"name":"wp","href":"https:\/\/api.w.org\/{rel}","templated":true}]}}