{"id":6273,"date":"2019-05-09T22:00:51","date_gmt":"2019-05-09T20:00:51","guid":{"rendered":"https:\/\/www.alqueria.es\/blogs\/colegioalqueria\/?p=6273"},"modified":"2019-05-14T21:03:33","modified_gmt":"2019-05-14T19:03:33","slug":"planificacion-tercer-trimestre","status":"publish","type":"post","link":"https:\/\/www.alqueria.es\/blogs\/colegioalqueriatercerciclo\/2019\/05\/09\/planificacion-tercer-trimestre\/","title":{"rendered":"Planificaci\u00f3n tercer trimestre &#8211; 6\u00ba EPO"},"content":{"rendered":"<p>Afrontamos este inicio del tercer trimestre, de ciclo y etapa en sexto de Primaria avanzando al mismo ritmo que est\u00e1bamos acostumbrados en el pasado. Iremos cerrando tareas y proyectos iniciados para dar comienzo a otros en este corto trimestre.<\/p>\n<p>A modo de agenda os dejo las tareas, fiestas y efem\u00e9rides que llevaremos a cabo en clase y colegio:<\/p>\n<ul>\n<li>Proyecto de creaci\u00f3n de un carril peatonal en el aparcamiento del colegio (en proceso) trabajando las \u00e1reas de matem\u00e1ticas, con la medida y geometr\u00eda, y el \u00e1rea de art\u00edstica. MAYO.<\/li>\n<li>Charla sobre Secundaria a cargo de antiguos alumnos del Centro para contar su experiencia en este primer curso y resolver dudas a sus compa\u00f1eros de sexto. 8 DE MAYO.<\/li>\n<li>Charla del Cuerpo Nacional de Polic\u00eda con el Plan Director sobre el buen uso de Internet, redes sociales y prevenci\u00f3n.\u00a0 9 DE MAYO.<\/li>\n<li>Charla \u00abAfectivo-sexual\u00bb a cargo de Antonia, sex\u00f3loga y trabajadora social del Centro d Salud de La Zubia. 10 DE MAYO.<\/li>\n<li>Viaje fin de curso a La Garza en Linares. Un Viaje l\u00fadico, deportivo y de convivencia. DEL 22 AL 24 de MAYO.<\/li>\n<li>Recital musical a cargo de todos los grupos de Primaria y de Elena I. maestra de M\u00fasica de nuestro Centro. 4 DE JUNIO.<\/li>\n<li>D\u00eda del Medio Ambiente. 5 DE JUNIO.<\/li>\n<li>Ex\u00e1menes de TRINITY. 5 Y 6 DE JUNIO.<\/li>\n<li>Fiesta Fin de Curso: \u00abAlquer\u00eda en la \u00e9poca cl\u00e1sica\u00bb. 8 DE JUNIO.<\/li>\n<li>Semana de nataci\u00f3n. DEL 10 AL 14 DE JUNIO.<\/li>\n<li>Fin de curso. 18 DE JUNIO.<\/li>\n<\/ul>\n<p>Estas propuestas os las ir\u00e9 desarrollando poco a poco para poneros al d\u00eda y as\u00ed poder comentar con cada uno de ellas y ellos todo aquello que llevamos a cabo en el colegio.<\/p>\n<p>Por otro lado tenemos que felicitar la labor que se ha llevado a cabo en el Centro con los marcap\u00e1ginas solidarios a trav\u00e9s de <a href=\"https:\/\/www.savethechildren.es\/centros-educativos\/marcapaginas-por-la-solidaridad\">Save the Children<\/a>. El alumnado se ha implicado en la difusi\u00f3n y venta de los marcap\u00e1ginas por una causa solidaria haci\u00e9ndoles conscientes de que con una m\u00ednima ayuda y trabajo en equipo se pueden lograr grandes cosas.<\/p>\n<p>Seguimos la tarea.<\/p>\n<p>Jorge<\/p>\n","protected":false},"excerpt":{"rendered":"<p>Afrontamos este inicio del tercer trimestre, de ciclo y etapa en sexto de Primaria avanzando al mismo ritmo que est\u00e1bamos acostumbrados en el pasado. Iremos cerrando tareas y proyectos iniciados para dar comienzo a otros en este corto trimestre. A modo de agenda os dejo las tareas, fiestas y efem\u00e9rides que llevaremos a cabo en &hellip; <a href=\"https:\/\/www.alqueria.es\/blogs\/colegioalqueriatercerciclo\/2019\/05\/09\/planificacion-tercer-trimestre\/\" class=\"more-link\">Seguir leyendo <span class=\"screen-reader-text\">Planificaci\u00f3n tercer trimestre &#8211; 6\u00ba EPO<\/span> <span class=\"meta-nav\">&rarr;<\/span><\/a><\/p>\n","protected":false},"author":3,"featured_media":0,"comment_status":"open","ping_status":"open","sticky":false,"template":"","format":"standard","meta":{"jetpack_post_was_ever_published":false,"_jetpack_newsletter_access":"","_jetpack_dont_email_post_to_subs":false,"_jetpack_newsletter_tier_id":0,"_jetpack_memberships_contains_paywalled_content":false,"_jetpack_memberships_contains_paid_content":false,"footnotes":"","jetpack_publicize_message":"","jetpack_publicize_feature_enabled":true,"jetpack_social_post_already_shared":true,"jetpack_social_options":{"image_generator_settings":{"template":"highway","default_image_id":0,"font":"","enabled":false},"version":2}},"categories":[3,15],"tags":[180],"class_list":["post-6273","post","type-post","status-publish","format-standard","hentry","category-6o-epo","category-semanario-6o","tag-semanario-6o"],"jetpack_publicize_connections":[],"jetpack_featured_media_url":"","jetpack_sharing_enabled":true,"jetpack_shortlink":"https:\/\/wp.me\/p4l4AW-1Db","jetpack-related-posts":[],"_links":{"self":[{"href":"https:\/\/www.alqueria.es\/blogs\/colegioalqueriatercerciclo\/wp-json\/wp\/v2\/posts\/6273","targetHints":{"allow":["GET"]}}],"collection":[{"href":"https:\/\/www.alqueria.es\/blogs\/colegioalqueriatercerciclo\/wp-json\/wp\/v2\/posts"}],"about":[{"href":"https:\/\/www.alqueria.es\/blogs\/colegioalqueriatercerciclo\/wp-json\/wp\/v2\/types\/post"}],"author":[{"embeddable":true,"href":"https:\/\/www.alqueria.es\/blogs\/colegioalqueriatercerciclo\/wp-json\/wp\/v2\/users\/3"}],"replies":[{"embeddable":true,"href":"https:\/\/www.alqueria.es\/blogs\/colegioalqueriatercerciclo\/wp-json\/wp\/v2\/comments?post=6273"}],"version-history":[{"count":0,"href":"https:\/\/www.alqueria.es\/blogs\/colegioalqueriatercerciclo\/wp-json\/wp\/v2\/posts\/6273\/revisions"}],"wp:attachment":[{"href":"https:\/\/www.alqueria.es\/blogs\/colegioalqueriatercerciclo\/wp-json\/wp\/v2\/media?parent=6273"}],"wp:term":[{"taxonomy":"category","embeddable":true,"href":"https:\/\/www.alqueria.es\/blogs\/colegioalqueriatercerciclo\/wp-json\/wp\/v2\/categories?post=6273"},{"taxonomy":"post_tag","embeddable":true,"href":"https:\/\/www.alqueria.es\/blogs\/colegioalqueriatercerciclo\/wp-json\/wp\/v2\/tags?post=6273"}],"curies":[{"name":"wp","href":"https:\/\/api.w.org\/{rel}","templated":true}]}}