{"id":6293,"date":"2019-05-19T19:15:32","date_gmt":"2019-05-19T17:15:32","guid":{"rendered":"https:\/\/www.alqueria.es\/blogs\/colegioalqueria\/?p=6293"},"modified":"2019-05-20T12:34:47","modified_gmt":"2019-05-20T10:34:47","slug":"nos-visita-el-cuerpo-nacional-de-policia","status":"publish","type":"post","link":"https:\/\/www.alqueria.es\/blogs\/colegioalqueriatercerciclo\/2019\/05\/19\/nos-visita-el-cuerpo-nacional-de-policia\/","title":{"rendered":"Nos visita el Cuerpo Nacional de Polic\u00eda"},"content":{"rendered":"<p>Dentro del <a href=\"https:\/\/www.policia.es\/org_central\/seguridad_ciudadana\/unidad_central_part_ciudada\/art_ciudadana_poli_escuel.html\">Plan Director<\/a> para la Convivencia y mejora de la seguridad en los Centros Educativos y su entorno, para formar al alumnado y prevenir sobre los peligros del mal uso de Internet y las redes sociales, nos visita el CNP de Granada para ofrecernos una charla al tercer ciclo de Primaria del <a href=\"https:\/\/www.alqueria.es\/\">Colegio Alquer\u00eda<\/a>. Un aspecto muy importante a trabajar durante toda la etapa y a lo que le damos mucha importancia en el colegio. Por ello, hacemos uso de especialistas en el tema junto a las conferencias planificadas durante el curso y las sesiones de \u00e9tica.<\/p>\n<p><img decoding=\"async\" data-attachment-id=\"6287\" data-permalink=\"https:\/\/www.alqueria.es\/blogs\/colegioalqueriatercerciclo\/2019\/05\/19\/nos-visita-el-cuerpo-nacional-de-policia\/20190509_103719\/\" data-orig-file=\"https:\/\/cloud.alqueria.es\/wp-content\/uploads\/sites\/5\/2019\/05\/20190509_103719.jpg\" data-orig-size=\"1024,498\" data-comments-opened=\"1\" data-image-meta=\"{&quot;aperture&quot;:&quot;0&quot;,&quot;credit&quot;:&quot;&quot;,&quot;camera&quot;:&quot;&quot;,&quot;caption&quot;:&quot;&quot;,&quot;created_timestamp&quot;:&quot;0&quot;,&quot;copyright&quot;:&quot;&quot;,&quot;focal_length&quot;:&quot;0&quot;,&quot;iso&quot;:&quot;0&quot;,&quot;shutter_speed&quot;:&quot;0&quot;,&quot;title&quot;:&quot;&quot;,&quot;orientation&quot;:&quot;0&quot;}\" data-image-title=\"20190509_103719\" data-image-description=\"\" data-image-caption=\"\" data-large-file=\"https:\/\/cloud.alqueria.es\/wp-content\/uploads\/sites\/5\/2019\/05\/20190509_103719.jpg\" class=\"aligncenter size-full wp-image-6287\" src=\"https:\/\/cloud.alqueria.es\/wp-content\/uploads\/sites\/5\/2019\/05\/20190509_103719.jpg\" alt=\"\" width=\"1024\" height=\"498\" srcset=\"https:\/\/cloud.alqueria.es\/wp-content\/uploads\/sites\/5\/2019\/05\/20190509_103719.jpg 1024w, https:\/\/cloud.alqueria.es\/wp-content\/uploads\/sites\/5\/2019\/05\/20190509_103719.jpg 300w, https:\/\/cloud.alqueria.es\/wp-content\/uploads\/sites\/5\/2019\/05\/20190509_103719.jpg 768w\" sizes=\"(max-width: 1024px) 100vw, 1024px\" \/><\/p>\n<p>Partiendo de que la franja de edad del alumnado del tercer ciclo gira entre los 10 y 12 a\u00f1os, se puede considerar que son j\u00f3venes en situaci\u00f3n de riesgo ya que aunque dispongan de todos los medios tecnol\u00f3gicos a su alcance, hay que ense\u00f1arles a realizar un uso adecuado, ser valientes para comunicar cualquier problema que les suceda en redes sociales, no callar.<\/p>\n<p>Hay situaciones en las que hay que estar alerta tanto por parte de la familia o profesorado como por ellos mismos siendo coherentes y responsables, pero est\u00e1 claro que son menores y necesitan de nuestro acompa\u00f1amiento para guiarlos.<\/p>\n<p>Los objetivos principales de esta charla est\u00e1n en FORMAR Y RESPONSABILIZAR para conseguir CAPACITAR Y PREVENIR.<\/p>\n<p>Una de las primeras cuestiones que les hace Alejandro es: \u00bfqu\u00e9 es Internet? Las respuestas son variadas y acertadas pero la que m\u00e1s se aproximaba a la realidad era&#8230; <strong>MUNDO VIRTUAL<\/strong>:<\/p>\n<ul>\n<li>Todo lo que se hace lo puede ver cualquiera.<\/li>\n<li>Lo que se publica no se elimina.<\/li>\n<li>Lo que se hace deja huella digital.<\/li>\n<li>No existe el anonimato.<\/li>\n<li>No todo el mundo dice ser quien es.<\/li>\n<li>Contrastar la informaci\u00f3n (no todo lo que hay o encuentre significa que sea verdad).<\/li>\n<\/ul>\n<p><img decoding=\"async\" data-attachment-id=\"6299\" data-permalink=\"https:\/\/www.alqueria.es\/blogs\/colegioalqueriatercerciclo\/2019\/05\/19\/nos-visita-el-cuerpo-nacional-de-policia\/f_2017-07-03_13\/\" data-orig-file=\"https:\/\/cloud.alqueria.es\/wp-content\/uploads\/sites\/5\/2019\/05\/f_2017-07-03_13.jpg\" data-orig-size=\"700,466\" data-comments-opened=\"1\" data-image-meta=\"{&quot;aperture&quot;:&quot;0&quot;,&quot;credit&quot;:&quot;&quot;,&quot;camera&quot;:&quot;&quot;,&quot;caption&quot;:&quot;&quot;,&quot;created_timestamp&quot;:&quot;0&quot;,&quot;copyright&quot;:&quot;&quot;,&quot;focal_length&quot;:&quot;0&quot;,&quot;iso&quot;:&quot;0&quot;,&quot;shutter_speed&quot;:&quot;0&quot;,&quot;title&quot;:&quot;&quot;,&quot;orientation&quot;:&quot;0&quot;}\" data-image-title=\"f_2017-07-03_13\" data-image-description=\"\" data-image-caption=\"\" data-large-file=\"https:\/\/cloud.alqueria.es\/wp-content\/uploads\/sites\/5\/2019\/05\/f_2017-07-03_13.jpg\" class=\"aligncenter size-full wp-image-6299\" src=\"https:\/\/cloud.alqueria.es\/wp-content\/uploads\/sites\/5\/2019\/05\/f_2017-07-03_13.jpg\" alt=\"\" width=\"700\" height=\"466\" srcset=\"https:\/\/cloud.alqueria.es\/wp-content\/uploads\/sites\/5\/2019\/05\/f_2017-07-03_13.jpg 700w, https:\/\/cloud.alqueria.es\/wp-content\/uploads\/sites\/5\/2019\/05\/f_2017-07-03_13.jpg 300w\" sizes=\"(max-width: 700px) 100vw, 700px\" \/><\/p>\n<p>La mayor\u00eda de nuestros j\u00f3venes son unos \u00abmentirosos virtuales\u00bb ya que para hacer uso de ciertas redes sociales como Facebook, Instagram, TikTok, Twitter&#8230; se requiere de una edad m\u00ednima que completan en la fase de alta de una app falseando la edad requerida para obtenerla. A esta edad, no es que se les proh\u00edba, pero si hacen uso de ellas, deben ser controladas y revisadas por el adulto ya que estos son los responsables del menor y del uso que haga.<\/p>\n<p>Existe una aplicaci\u00f3n de <strong>control parental<\/strong> llamada <a href=\"https:\/\/www.qustodio.com\/es\/\"><strong>QUSTODIO <\/strong><\/a>que ofrece, entre otras, las siguientes opciones:<\/p>\n<ul>\n<li>Bloqueo de programas.<\/li>\n<li>Seguimiento en redes sociales.<\/li>\n<li>L\u00edmites de tiempo.<\/li>\n<li>Seguimiento de la ubicaci\u00f3n.<\/li>\n<li>Bot\u00f3n de p\u00e1nico.<\/li>\n<li>Control de llamadas y mensajes.<\/li>\n<li>Bloqueo de juegos y app.<\/li>\n<\/ul>\n<p><img decoding=\"async\" data-attachment-id=\"6298\" data-permalink=\"https:\/\/www.alqueria.es\/blogs\/colegioalqueriatercerciclo\/2019\/05\/19\/nos-visita-el-cuerpo-nacional-de-policia\/38768-original\/\" data-orig-file=\"https:\/\/cloud.alqueria.es\/wp-content\/uploads\/sites\/5\/2019\/05\/38768-original.png\" data-orig-size=\"252,192\" data-comments-opened=\"1\" data-image-meta=\"{&quot;aperture&quot;:&quot;0&quot;,&quot;credit&quot;:&quot;&quot;,&quot;camera&quot;:&quot;&quot;,&quot;caption&quot;:&quot;&quot;,&quot;created_timestamp&quot;:&quot;0&quot;,&quot;copyright&quot;:&quot;&quot;,&quot;focal_length&quot;:&quot;0&quot;,&quot;iso&quot;:&quot;0&quot;,&quot;shutter_speed&quot;:&quot;0&quot;,&quot;title&quot;:&quot;&quot;,&quot;orientation&quot;:&quot;0&quot;}\" data-image-title=\"38768-original\" data-image-description=\"\" data-image-caption=\"\" data-large-file=\"https:\/\/cloud.alqueria.es\/wp-content\/uploads\/sites\/5\/2019\/05\/38768-original.png\" class=\"aligncenter size-full wp-image-6298\" src=\"https:\/\/cloud.alqueria.es\/wp-content\/uploads\/sites\/5\/2019\/05\/38768-original.png\" alt=\"\" width=\"252\" height=\"192\" \/><\/p>\n<p>La edad recomendada para tener un m\u00f3vil est\u00e1 en 14 a\u00f1os, antes no es adecuado ya que ni tienen la edad ni la formaci\u00f3n. Se minimiza el riesgo si la familia supervisa el dispositivo, redes y actuaciones del mismo pero a\u00fan as\u00ed, el riesgo existe.<\/p>\n<p>Hablando de Fornite, es un juego que acoge a millones de personas que entablan conversaciones y comparten partidas con desconocidos en la mayor\u00eda de los casos. Su uso sin control parental puede conllevar a un aislamiento, a enfados por perder o a llevar situaciones ficticias a la vida real en los peores casos. Alejandro recomienda una hora al d\u00eda y en fin de semana destacando que el dispositivo (tablet, m\u00f3vil, ordenador) debe estar en un punto central de la casa y visible a la familia para controlar lo que el menor hace en todo momento, no dejarlo solo en su habitaci\u00f3n.<\/p>\n<p>En la web de <a href=\"http:\/\/netiquetate.com\/\">NETIQUETATE<\/a> se encuentran el conjunto de normas del buen uso de Internet, tema que tratamos en clase y que el polic\u00eda menciona de manera resumida. As\u00ed tambi\u00e9n sobre el acoso escolar y ciberbullying.<\/p>\n<p><img decoding=\"async\" data-attachment-id=\"6297\" data-permalink=\"https:\/\/www.alqueria.es\/blogs\/colegioalqueriatercerciclo\/2019\/05\/19\/nos-visita-el-cuerpo-nacional-de-policia\/post-la-netiqueta\/\" data-orig-file=\"https:\/\/cloud.alqueria.es\/wp-content\/uploads\/sites\/5\/2019\/05\/Post-La-Netiqueta.png\" data-orig-size=\"760,420\" data-comments-opened=\"1\" data-image-meta=\"{&quot;aperture&quot;:&quot;0&quot;,&quot;credit&quot;:&quot;&quot;,&quot;camera&quot;:&quot;&quot;,&quot;caption&quot;:&quot;&quot;,&quot;created_timestamp&quot;:&quot;0&quot;,&quot;copyright&quot;:&quot;&quot;,&quot;focal_length&quot;:&quot;0&quot;,&quot;iso&quot;:&quot;0&quot;,&quot;shutter_speed&quot;:&quot;0&quot;,&quot;title&quot;:&quot;&quot;,&quot;orientation&quot;:&quot;0&quot;}\" data-image-title=\"Post-La-Netiqueta\" data-image-description=\"\" data-image-caption=\"\" data-large-file=\"https:\/\/cloud.alqueria.es\/wp-content\/uploads\/sites\/5\/2019\/05\/Post-La-Netiqueta.png\" class=\"aligncenter size-full wp-image-6297\" src=\"https:\/\/cloud.alqueria.es\/wp-content\/uploads\/sites\/5\/2019\/05\/Post-La-Netiqueta.png\" alt=\"\" width=\"760\" height=\"420\" srcset=\"https:\/\/cloud.alqueria.es\/wp-content\/uploads\/sites\/5\/2019\/05\/Post-La-Netiqueta.png 760w, https:\/\/cloud.alqueria.es\/wp-content\/uploads\/sites\/5\/2019\/05\/Post-La-Netiqueta.png 300w, https:\/\/cloud.alqueria.es\/wp-content\/uploads\/sites\/5\/2019\/05\/Post-La-Netiqueta.png 672w\" sizes=\"(max-width: 760px) 100vw, 760px\" \/><\/p>\n<p>Hablando de redes sociales, lo importante es conocerlas y hacer un buen uso de ellas. Lo m\u00e1s privado que tengo es la cara por lo que no es recomendable ofrecerla en las redes sociales.<\/p>\n<p>Otra de las cuestiones que plantea es: si tienes 20 v\u00eddeos personales en musica.ly siendo tu cuenta privada&#8230; \u00bflos traer\u00edais a clase para proyectarlos en la pizarra? La respuesta que dieron era evidente, NO. Entonces, si no lo haces en el mundo real, \u00bfpor qu\u00e9 s\u00ed en Internet? Aunque esos v\u00eddeos estuvieran en privado y compartidos con amigos de confianza o familiares, se pueden generar copias de ellos y perder as\u00ed el control de los v\u00eddeos.<\/p>\n<p>Conclusi\u00f3n de la polic\u00eda: NO TIENEN PERCEPCI\u00d3N DEL PELIGRO. Est\u00e1n en pleno desarrollo de la personalidad, deben hacer uso del sentido com\u00fan.<\/p>\n<p>Tras todo esto, visionamos el siguiente v\u00eddeo sobre redes sociales que les dej\u00f3 asombrados.<\/p>\n<p><span class=\"embed-youtube\" style=\"text-align:center; display: block;\"><div class=\"a25-CTUOC-hidding-box\" data-original-content=\"&lt;iframe loading=&quot;lazy&quot; class=&quot;youtube-player&quot; width=&quot;474&quot; height=&quot;267&quot; src=&quot;https:\/\/www.youtube.com\/embed\/WqBl2zyXI7g?version=3&amp;#038;rel=1&amp;#038;showsearch=0&amp;#038;showinfo=1&amp;#038;iv_load_policy=1&amp;#038;fs=1&amp;#038;hl=es-ES&amp;#038;autohide=2&amp;#038;wmode=transparent&quot; allowfullscreen=&quot;true&quot; style=&quot;border:0;&quot; sandbox=&quot;allow-scripts allow-same-origin allow-popups allow-presentation allow-popups-to-escape-sandbox&quot;&gt;&lt;\/iframe&gt;\">Esta p\u00e1gina incluye contenido multimedia que requiere aceptar todas las cookies. Pulse aqu\u00ed para abrir la configuraci\u00f3n de cookies.<\/div><\/span><\/p>\n<p>Otras de las recomendaciones est\u00e1n en hacer uso de claves seguras que incluyan n\u00fameros, letras, may\u00fasculas, min\u00fasculas y s\u00edmbolos. No usar la misma contrase\u00f1a para todo y guardarlas en un sitio seguro, no en el m\u00f3vil o lugares visibles.<\/p>\n<p>PARA TOMAR NOTA en cuanto al acceso a contenidos inadecuados, Alejandro hace una reflexi\u00f3n al grupo que comprendieron enseguida:<\/p>\n<p>Si como adultos no dejamos una pel\u00edcula porno en DVD encima de la mesa&#8230; por qu\u00e9 si les facilitamos el acceso a Internet donde pueden encontrarlo f\u00e1cilmente (hablando de que son menores y pueden\u00a0 llegar a contenidos nada adecuados a su edad).<\/p>\n<p><img decoding=\"async\" data-attachment-id=\"6296\" data-permalink=\"https:\/\/www.alqueria.es\/blogs\/colegioalqueriatercerciclo\/2019\/05\/19\/nos-visita-el-cuerpo-nacional-de-policia\/controlatur1\/\" data-orig-file=\"https:\/\/cloud.alqueria.es\/wp-content\/uploads\/sites\/5\/2019\/05\/controlatur1.jpg\" data-orig-size=\"800,472\" data-comments-opened=\"1\" data-image-meta=\"{&quot;aperture&quot;:&quot;0&quot;,&quot;credit&quot;:&quot;&quot;,&quot;camera&quot;:&quot;&quot;,&quot;caption&quot;:&quot;&quot;,&quot;created_timestamp&quot;:&quot;0&quot;,&quot;copyright&quot;:&quot;&quot;,&quot;focal_length&quot;:&quot;0&quot;,&quot;iso&quot;:&quot;0&quot;,&quot;shutter_speed&quot;:&quot;0&quot;,&quot;title&quot;:&quot;&quot;,&quot;orientation&quot;:&quot;0&quot;}\" data-image-title=\"controlatur1\" data-image-description=\"\" data-image-caption=\"\" data-large-file=\"https:\/\/cloud.alqueria.es\/wp-content\/uploads\/sites\/5\/2019\/05\/controlatur1.jpg\" class=\"aligncenter size-full wp-image-6296\" src=\"https:\/\/cloud.alqueria.es\/wp-content\/uploads\/sites\/5\/2019\/05\/controlatur1.jpg\" alt=\"\" width=\"800\" height=\"472\" srcset=\"https:\/\/cloud.alqueria.es\/wp-content\/uploads\/sites\/5\/2019\/05\/controlatur1.jpg 800w, https:\/\/cloud.alqueria.es\/wp-content\/uploads\/sites\/5\/2019\/05\/controlatur1.jpg 300w, https:\/\/cloud.alqueria.es\/wp-content\/uploads\/sites\/5\/2019\/05\/controlatur1.jpg 768w\" sizes=\"(max-width: 800px) 100vw, 800px\" \/><\/p>\n<p>Para finalizar, nos habla de <strong>TECNOADICIONES<\/strong>:<\/p>\n<ul>\n<li><em>VAMPING<\/em>: uso de dispositivos durante la noche. Reduce el tiempo de descanso.<\/li>\n<li><em>NOMOFOBIA<\/em>: miedo irracional a estar sin m\u00f3vil, necesidad de revisar las notificaciones.<\/li>\n<li><em>HIKIKOMORI<\/em>: Casos extremos de aislamiento. Refugio en un mundo virtual.<\/li>\n<\/ul>\n<p>Ha sido todo un lujo volver a contar con Alejando un curso m\u00e1s en nuestro Centro <a href=\"https:\/\/www.alqueria.es\/\">Alquer\u00eda<\/a> para acercar a nuestro alumnado del tercer ciclo los beneficios de Internet y los efectos negativos tras su mal uso. En esta ocasi\u00f3n, la charla ha ido m\u00e1s enfocada a la prevenci\u00f3n y peligros. En clase seguimos reforzando estos mensajes a\u00f1adi\u00e9ndole la parte positiva cuando se hace un buen uso de las redes.<\/p>\n","protected":false},"excerpt":{"rendered":"<p>Dentro del Plan Director para la Convivencia y mejora de la seguridad en los Centros Educativos y su entorno, para formar al alumnado y prevenir sobre los peligros del mal uso de Internet y las redes sociales, nos visita el CNP de Granada para ofrecernos una charla al tercer ciclo de Primaria del Colegio Alquer\u00eda. &hellip; <a href=\"https:\/\/www.alqueria.es\/blogs\/colegioalqueriatercerciclo\/2019\/05\/19\/nos-visita-el-cuerpo-nacional-de-policia\/\" class=\"more-link\">Seguir leyendo <span class=\"screen-reader-text\">Nos visita el Cuerpo Nacional de Polic\u00eda<\/span> <span class=\"meta-nav\">&rarr;<\/span><\/a><\/p>\n","protected":false},"author":3,"featured_media":0,"comment_status":"open","ping_status":"open","sticky":false,"template":"","format":"standard","meta":{"jetpack_post_was_ever_published":false,"_jetpack_newsletter_access":"","_jetpack_dont_email_post_to_subs":false,"_jetpack_newsletter_tier_id":0,"_jetpack_memberships_contains_paywalled_content":false,"_jetpack_memberships_contains_paid_content":false,"footnotes":"","jetpack_publicize_message":"","jetpack_publicize_feature_enabled":true,"jetpack_social_post_already_shared":true,"jetpack_social_options":{"image_generator_settings":{"template":"highway","default_image_id":0,"font":"","enabled":false},"version":2}},"categories":[2,3,14,15],"tags":[263,261,418,262,234,417],"class_list":["post-6293","post","type-post","status-publish","format-standard","hentry","category-5o-epo","category-6o-epo","category-semanario-5o","category-semanario-6o","tag-charla-policia","tag-cnp","tag-netiqueta","tag-policia","tag-prevencion","tag-riesgos-de-intetrnet"],"jetpack_publicize_connections":[],"jetpack_featured_media_url":"","jetpack_sharing_enabled":true,"jetpack_shortlink":"https:\/\/wp.me\/p4l4AW-1Dv","jetpack-related-posts":[],"_links":{"self":[{"href":"https:\/\/www.alqueria.es\/blogs\/colegioalqueriatercerciclo\/wp-json\/wp\/v2\/posts\/6293","targetHints":{"allow":["GET"]}}],"collection":[{"href":"https:\/\/www.alqueria.es\/blogs\/colegioalqueriatercerciclo\/wp-json\/wp\/v2\/posts"}],"about":[{"href":"https:\/\/www.alqueria.es\/blogs\/colegioalqueriatercerciclo\/wp-json\/wp\/v2\/types\/post"}],"author":[{"embeddable":true,"href":"https:\/\/www.alqueria.es\/blogs\/colegioalqueriatercerciclo\/wp-json\/wp\/v2\/users\/3"}],"replies":[{"embeddable":true,"href":"https:\/\/www.alqueria.es\/blogs\/colegioalqueriatercerciclo\/wp-json\/wp\/v2\/comments?post=6293"}],"version-history":[{"count":0,"href":"https:\/\/www.alqueria.es\/blogs\/colegioalqueriatercerciclo\/wp-json\/wp\/v2\/posts\/6293\/revisions"}],"wp:attachment":[{"href":"https:\/\/www.alqueria.es\/blogs\/colegioalqueriatercerciclo\/wp-json\/wp\/v2\/media?parent=6293"}],"wp:term":[{"taxonomy":"category","embeddable":true,"href":"https:\/\/www.alqueria.es\/blogs\/colegioalqueriatercerciclo\/wp-json\/wp\/v2\/categories?post=6293"},{"taxonomy":"post_tag","embeddable":true,"href":"https:\/\/www.alqueria.es\/blogs\/colegioalqueriatercerciclo\/wp-json\/wp\/v2\/tags?post=6293"}],"curies":[{"name":"wp","href":"https:\/\/api.w.org\/{rel}","templated":true}]}}