{"id":6703,"date":"2019-12-10T13:02:02","date_gmt":"2019-12-10T12:02:02","guid":{"rendered":"http:\/\/www.alqueria.es\/blogs\/colegioalqueriatercerciclo\/?p=6703"},"modified":"2019-12-10T13:02:48","modified_gmt":"2019-12-10T12:02:48","slug":"dia-de-la-constitucion-2","status":"publish","type":"post","link":"https:\/\/www.alqueria.es\/blogs\/colegioalqueriatercerciclo\/2019\/12\/10\/dia-de-la-constitucion-2\/","title":{"rendered":"D\u00eda de la Constituci\u00f3n"},"content":{"rendered":"<p>El jueves 5 de diciembre celebramos el D\u00eda de la Constituci\u00f3n en\u00a0\u00a0 Alquer\u00eda Educaci\u00f3n en una asamblea con todos los miembros de primaria.<\/p>\n<p><strong>Una constituci\u00f3n es un acuerdo de reglas de convivencia, es decir, una forma de pacto pol\u00edtico y social. Se llama as\u00ed porque integra, establece, organiza,\u00a0<em>constituye<\/em> las normas que rigen a la sociedad de un pa\u00eds.\u00a0 En el colegio tambi\u00e9n existen las normas de convivencia que entre todos y todas hemos acordado.<\/strong><\/p>\n<p>Como cada a\u00f1o, antes de reunirnos en Asamblea, cada aula y cada ciclo trabaja sobre el tema que se ha acordado como eje principal para tomar acuerdos entre todo el alumnado de primaria.<\/p>\n<p>En esta ocasi\u00f3n partimos de la reflexi\u00f3n del alumnado sobre el tema: <strong><span style=\"color: #800080\">\u00abY SI YO FUERA PRESIDENTE\u00bb.<\/span> <\/strong>Primero cada persona de forma individual ha realizado un texto en el cuaderno de bit\u00e1cora sobre esta premisa. Posteriormente el tercer ciclo en conjunto se ha agrupado por intereses y han reflexionado sobre las ideas, propuestas, normas que ellos elaborar\u00edan si fueran presidentes del gobierno.<\/p>\n<p class=\"jetpack-slideshow-noscript robots-nocontent\">El pase de diapositivas requiere JavaScript.<\/p><div id=\"gallery-6703-1-slideshow\" class=\"jetpack-slideshow-window jetpack-slideshow jetpack-slideshow-black\" data-trans=\"fade\" data-autostart=\"1\" data-gallery=\"[{&quot;src&quot;:&quot;https:\\\/\\\/cloud.alqueria.es\\\/wp-content\\\/uploads\\\/sites\\\/5\\\/2019\\\/12\\\/IMG-7987-300x225.jpg&quot;,&quot;id&quot;:&quot;6706&quot;,&quot;title&quot;:&quot;IMG-7987&quot;,&quot;alt&quot;:&quot;&quot;,&quot;caption&quot;:&quot;&quot;,&quot;itemprop&quot;:&quot;image&quot;},{&quot;src&quot;:&quot;https:\\\/\\\/cloud.alqueria.es\\\/wp-content\\\/uploads\\\/sites\\\/5\\\/2019\\\/12\\\/IMG-7991-300x225.jpg&quot;,&quot;id&quot;:&quot;6707&quot;,&quot;title&quot;:&quot;IMG-7991&quot;,&quot;alt&quot;:&quot;&quot;,&quot;caption&quot;:&quot;&quot;,&quot;itemprop&quot;:&quot;image&quot;},{&quot;src&quot;:&quot;https:\\\/\\\/cloud.alqueria.es\\\/wp-content\\\/uploads\\\/sites\\\/5\\\/2019\\\/12\\\/IMG-8005-300x225.jpg&quot;,&quot;id&quot;:&quot;6708&quot;,&quot;title&quot;:&quot;IMG-8005&quot;,&quot;alt&quot;:&quot;&quot;,&quot;caption&quot;:&quot;&quot;,&quot;itemprop&quot;:&quot;image&quot;},{&quot;src&quot;:&quot;https:\\\/\\\/cloud.alqueria.es\\\/wp-content\\\/uploads\\\/sites\\\/5\\\/2019\\\/12\\\/IMG-8008-300x225.jpg&quot;,&quot;id&quot;:&quot;6709&quot;,&quot;title&quot;:&quot;IMG-8008&quot;,&quot;alt&quot;:&quot;&quot;,&quot;caption&quot;:&quot;&quot;,&quot;itemprop&quot;:&quot;image&quot;},{&quot;src&quot;:&quot;https:\\\/\\\/cloud.alqueria.es\\\/wp-content\\\/uploads\\\/sites\\\/5\\\/2019\\\/12\\\/IMG-8009-300x225.jpg&quot;,&quot;id&quot;:&quot;6710&quot;,&quot;title&quot;:&quot;IMG-8009&quot;,&quot;alt&quot;:&quot;&quot;,&quot;caption&quot;:&quot;&quot;,&quot;itemprop&quot;:&quot;image&quot;}]\" itemscope itemtype=\"https:\/\/schema.org\/ImageGallery\"><\/div>\n<p>Estas son las propuestas de los diferentes grupos:<\/p>\n<p><strong><span style=\"color: #000000\">Grupo 1<\/span><\/strong>: Estela, Nico, Elena, Candela U, Blanca, Helena, In\u00e9s y Rodrigo<\/p>\n<p><strong><span style=\"color: #000000\">Propuesta Medioambiental<\/span><\/strong>: crear bombas de semillas y replantar el jard\u00edn. Tambi\u00e9n al igual que tenemos contenedores para separar los residuos, tener un contenedor para que se recoja ropa que no se utiliza y podamos donarla a diferentes asociaciones que ayudan a ni\u00f1os y ni\u00f1as desfavorecidos.<\/p>\n<p>Crear un mural de ideas para mejorar el colegio. El recoger estas ideas se encargar\u00e1 la patrulla medioambiental que agrupar\u00e1 las ideas y har\u00e1 entrega al profesor encargado de la patrulla.<\/p>\n<p>Volver a recoger tapones para donarlos a causas que los necesiten.<\/p>\n<p><strong>Propuesta \u00e9tica<\/strong>: Pintar el banco de la amistad. Tener un lugar en el patio para que cuando una persona se sienta solo, o triste, se siente y cualquier compa\u00f1ero le preste ayuda. Adem\u00e1s se puede crear un cuadrante en las clases en los que se lleve un registro de personas que utilizan el banco y personas que ayudan a los dem\u00e1s.<\/p>\n<p>Trabajar el tema del acoso para prevenir y que nunca se produzca. Para ello haremos un v\u00eddeo para mostrar situaciones que pueden dar lugar a acoso. E iremos por las clases explicando lo que es y como evitar estas situaciones.<\/p>\n<p>Hacer una gymkana donde se trabaje la igualdad entre hombres y mujeres. Puede ser tipo scaperoom y donde ni\u00f1os y ni\u00f1as deben cooperar en su resoluci\u00f3n.<\/p>\n<p><strong>Grupo 2<\/strong>:\u00a0 Mar, Irene, Gabriela, Julia y \u00a0Candela M<\/p>\n<p><strong>Propuesta medioambiental<\/strong>: Reducci\u00f3n la contaminaci\u00f3n ambiental. Salir a la Vega de Granada bien equipados para recoger residuos de nuestro entorno. Se har\u00e1n grupos mezclados de clases para hacer el recogido. Los mayores ayudar\u00e1n a los peque\u00f1os. Se medir\u00e1n los kil\u00f3metros que hacemos e iremos anotando en un mapa las diferentes zonas que son limpiadas. Tambi\u00e9n se deben pesar los residuos.<\/p>\n<p>Tambi\u00e9n proponen hacer una marcha solidaria por la Vega para concienciar sobre el respeto a este espacio natural.<\/p>\n<p><strong>Grupo 3<\/strong>: Rub\u00e9n, Mario, Jos\u00e9, Enrique, Jos\u00e9 Sami, Emilio, Gonzalo y Pedro.<\/p>\n<p><strong>Propuesta medioambiental<\/strong>: reducir la contaminaci\u00f3n para ello hay que concienciar a toda la comunidad educativa. Proponemos traer bolsas de tela y tuppers para no utilizar pl\u00e1stico de un solo uso.<\/p>\n<p>Adem\u00e1s que la patrulla medioambiental se encargue cada mi\u00e9rcoles de recoger las basuras de los contenedores.<\/p>\n<p>Proponemos m\u00e1s educaci\u00f3n en las rutinas diarias, saludos, despedidas.<\/p>\n<p><strong>Grupo 4<\/strong>:\u00a0 Aitor, Pedro, Miguel, Mateo, Francis y Mario.<\/p>\n<p><strong>Propuesta buenos h\u00e1bitos de educaci\u00f3n<\/strong>: este grupo propone seguir trabajando este aspecto. Para ello se debe:<\/p>\n<ul>\n<li>Fomentar el reciclaje de residuos clasific\u00e1ndolos en contenedores.<\/li>\n<li>Ser cordial y saludar por la ma\u00f1ana y despedida por la tarde. Pedir las cosas por favor y ser agradecidos.<\/li>\n<li>Usar los ba\u00f1os de uno en uno, papeles al contenedor, tirar de la cadena, cerrar los grifos. En conclusi\u00f3n dejar el ba\u00f1o en perfectas condiciones.<\/li>\n<li>No correr por los pasillos, desplazarse sin prisa.<\/li>\n<li>Sentarse correctamente para no da\u00f1arse la espalda.<\/li>\n<li>Cuidar y respetar el material del centro.<\/li>\n<li>Para bajar el ruido del comedor volver a poner el sem\u00e1foro del ruido.<\/li>\n<\/ul>\n<p><strong>Grupo 5<\/strong>: Felipe, Ignacio, Elvira, Guillermo, Daniel, Miguel y Rafa.<\/p>\n<p><strong>Propuesta medioambiental<\/strong>: Nos sigue preocupando el gran consumo de pl\u00e1stico de un solo uso que sigue habiendo en las meriendas del centro. El grupo quinto ha comprobado que sigue habiendo muchos residuos de pl\u00e1stico en las basuras. Por ello nuestra propuesta es reducir la utilizaci\u00f3n del pl\u00e1stico de un solo uso.<\/p>\n<p>\u00bfC\u00f3mo lo vamos a hacer?<\/p>\n<p>Proponemos que los envases de un solo uso no se usen. En su lugar proponemos traer cristal, papel o pl\u00e1stico de m\u00e1s de un solo uso (Tupper). Vamos a controlar la reducci\u00f3n con tablas de registro de datos en cada aula y de esta manera ayudar a reducir el pl\u00e1stico.<\/p>\n<p><strong>Grupo 6<\/strong>: Maya, Elena, Irene, Laura, C\u00e9sar, Candela R y Gabriel.<\/p>\n<p><strong>Propuesta medioambiental<\/strong>:\u00a0 El cole debe ser respetuoso con el medio ambiente y para ello proponemos estudiar si se podr\u00edan poner placas solares para abastecernos de la energ\u00eda que se consume en el centro. Si se podr\u00eda usar esa energ\u00eda para el propio centro, as\u00ed como la ubicaci\u00f3n mejor de las mismas y hacer un estudio del coste. Para sufragar el coste proponemos diferentes opciones de conseguir dinero: colectas, venta de objetos usados&#8230;<\/p>\n<p>Todas estas propuestas se han comunicado al resto de compa\u00f1eros y compa\u00f1eras en la Asamblea de la Constituci\u00f3n. A todo el alumnado le han parecido adecuadas y pretendemos llevarlas a cabo en el segundo trimestre. Tambi\u00e9n el resto de grupos de primaria ha aportado sus conclusiones sobre el trabajo realizado y han coincidido algunas propuestas. Sobre todo la reducci\u00f3n de los pl\u00e1sticos de un solo uso en las meriendas. \u00a1As\u00ed que vamos a por ello!<\/p>\n<p class=\"jetpack-slideshow-noscript robots-nocontent\">El pase de diapositivas requiere JavaScript.<\/p><div id=\"gallery-6703-2-slideshow\" class=\"jetpack-slideshow-window jetpack-slideshow jetpack-slideshow-black\" data-trans=\"fade\" data-autostart=\"1\" data-gallery=\"[{&quot;src&quot;:&quot;https:\\\/\\\/cloud.alqueria.es\\\/wp-content\\\/uploads\\\/sites\\\/5\\\/2019\\\/12\\\/IMG-8017.jpg&quot;,&quot;id&quot;:&quot;6711&quot;,&quot;title&quot;:&quot;IMG-8017&quot;,&quot;alt&quot;:&quot;&quot;,&quot;caption&quot;:&quot;&quot;,&quot;itemprop&quot;:&quot;image&quot;},{&quot;src&quot;:&quot;https:\\\/\\\/cloud.alqueria.es\\\/wp-content\\\/uploads\\\/sites\\\/5\\\/2019\\\/12\\\/IMG-8020.jpg&quot;,&quot;id&quot;:&quot;6712&quot;,&quot;title&quot;:&quot;IMG-8020&quot;,&quot;alt&quot;:&quot;&quot;,&quot;caption&quot;:&quot;&quot;,&quot;itemprop&quot;:&quot;image&quot;},{&quot;src&quot;:&quot;https:\\\/\\\/cloud.alqueria.es\\\/wp-content\\\/uploads\\\/sites\\\/5\\\/2019\\\/12\\\/IMG-8023.jpg&quot;,&quot;id&quot;:&quot;6713&quot;,&quot;title&quot;:&quot;IMG-8023&quot;,&quot;alt&quot;:&quot;&quot;,&quot;caption&quot;:&quot;&quot;,&quot;itemprop&quot;:&quot;image&quot;},{&quot;src&quot;:&quot;https:\\\/\\\/cloud.alqueria.es\\\/wp-content\\\/uploads\\\/sites\\\/5\\\/2019\\\/12\\\/IMG-8026.jpg&quot;,&quot;id&quot;:&quot;6714&quot;,&quot;title&quot;:&quot;IMG-8026&quot;,&quot;alt&quot;:&quot;&quot;,&quot;caption&quot;:&quot;&quot;,&quot;itemprop&quot;:&quot;image&quot;},{&quot;src&quot;:&quot;https:\\\/\\\/cloud.alqueria.es\\\/wp-content\\\/uploads\\\/sites\\\/5\\\/2019\\\/12\\\/IMG-8031.jpg&quot;,&quot;id&quot;:&quot;6715&quot;,&quot;title&quot;:&quot;IMG-8031&quot;,&quot;alt&quot;:&quot;&quot;,&quot;caption&quot;:&quot;&quot;,&quot;itemprop&quot;:&quot;image&quot;},{&quot;src&quot;:&quot;https:\\\/\\\/cloud.alqueria.es\\\/wp-content\\\/uploads\\\/sites\\\/5\\\/2019\\\/12\\\/IMG-8033.jpg&quot;,&quot;id&quot;:&quot;6716&quot;,&quot;title&quot;:&quot;IMG-8033&quot;,&quot;alt&quot;:&quot;&quot;,&quot;caption&quot;:&quot;&quot;,&quot;itemprop&quot;:&quot;image&quot;},{&quot;src&quot;:&quot;https:\\\/\\\/cloud.alqueria.es\\\/wp-content\\\/uploads\\\/sites\\\/5\\\/2019\\\/12\\\/IMG-8034.jpg&quot;,&quot;id&quot;:&quot;6717&quot;,&quot;title&quot;:&quot;IMG-8034&quot;,&quot;alt&quot;:&quot;&quot;,&quot;caption&quot;:&quot;&quot;,&quot;itemprop&quot;:&quot;image&quot;},{&quot;src&quot;:&quot;https:\\\/\\\/cloud.alqueria.es\\\/wp-content\\\/uploads\\\/sites\\\/5\\\/2019\\\/12\\\/IMG-8035.jpg&quot;,&quot;id&quot;:&quot;6718&quot;,&quot;title&quot;:&quot;IMG-8035&quot;,&quot;alt&quot;:&quot;&quot;,&quot;caption&quot;:&quot;&quot;,&quot;itemprop&quot;:&quot;image&quot;},{&quot;src&quot;:&quot;https:\\\/\\\/cloud.alqueria.es\\\/wp-content\\\/uploads\\\/sites\\\/5\\\/2019\\\/12\\\/IMG-8037.jpg&quot;,&quot;id&quot;:&quot;6719&quot;,&quot;title&quot;:&quot;IMG-8037&quot;,&quot;alt&quot;:&quot;&quot;,&quot;caption&quot;:&quot;&quot;,&quot;itemprop&quot;:&quot;image&quot;},{&quot;src&quot;:&quot;https:\\\/\\\/cloud.alqueria.es\\\/wp-content\\\/uploads\\\/sites\\\/5\\\/2019\\\/12\\\/IMG-8013.jpg&quot;,&quot;id&quot;:&quot;6720&quot;,&quot;title&quot;:&quot;IMG-8013&quot;,&quot;alt&quot;:&quot;&quot;,&quot;caption&quot;:&quot;&quot;,&quot;itemprop&quot;:&quot;image&quot;}]\" itemscope itemtype=\"https:\/\/schema.org\/ImageGallery\"><\/div>\n<p>Isa Y Jorge<\/p>\n","protected":false},"excerpt":{"rendered":"<p>El jueves 5 de diciembre celebramos el D\u00eda de la Constituci\u00f3n en\u00a0\u00a0 Alquer\u00eda Educaci\u00f3n en una asamblea con todos los miembros de primaria. Una constituci\u00f3n es un acuerdo de reglas de convivencia, es decir, una forma de pacto pol\u00edtico y social. Se llama as\u00ed porque integra, establece, organiza,\u00a0constituye las normas que rigen a la sociedad &hellip; <a href=\"https:\/\/www.alqueria.es\/blogs\/colegioalqueriatercerciclo\/2019\/12\/10\/dia-de-la-constitucion-2\/\" class=\"more-link\">Seguir leyendo <span class=\"screen-reader-text\">D\u00eda de la Constituci\u00f3n<\/span> <span class=\"meta-nav\">&rarr;<\/span><\/a><\/p>\n","protected":false},"author":9,"featured_media":0,"comment_status":"open","ping_status":"open","sticky":false,"template":"","format":"standard","meta":{"jetpack_post_was_ever_published":false,"_jetpack_newsletter_access":"","_jetpack_dont_email_post_to_subs":false,"_jetpack_newsletter_tier_id":0,"_jetpack_memberships_contains_paywalled_content":false,"_jetpack_memberships_contains_paid_content":false,"footnotes":"","jetpack_publicize_message":"","jetpack_publicize_feature_enabled":true,"jetpack_social_post_already_shared":true,"jetpack_social_options":{"image_generator_settings":{"template":"highway","default_image_id":0,"font":"","enabled":false},"version":2}},"categories":[2,3,459],"tags":[325],"class_list":["post-6703","post","type-post","status-publish","format-standard","hentry","category-5o-epo","category-6o-epo","category-dia-de-la-constitucion","tag-informacion-a-familias"],"jetpack_publicize_connections":[],"jetpack_featured_media_url":"","jetpack_sharing_enabled":true,"jetpack_shortlink":"https:\/\/wp.me\/p4l4AW-1K7","jetpack-related-posts":[],"_links":{"self":[{"href":"https:\/\/www.alqueria.es\/blogs\/colegioalqueriatercerciclo\/wp-json\/wp\/v2\/posts\/6703","targetHints":{"allow":["GET"]}}],"collection":[{"href":"https:\/\/www.alqueria.es\/blogs\/colegioalqueriatercerciclo\/wp-json\/wp\/v2\/posts"}],"about":[{"href":"https:\/\/www.alqueria.es\/blogs\/colegioalqueriatercerciclo\/wp-json\/wp\/v2\/types\/post"}],"author":[{"embeddable":true,"href":"https:\/\/www.alqueria.es\/blogs\/colegioalqueriatercerciclo\/wp-json\/wp\/v2\/users\/9"}],"replies":[{"embeddable":true,"href":"https:\/\/www.alqueria.es\/blogs\/colegioalqueriatercerciclo\/wp-json\/wp\/v2\/comments?post=6703"}],"version-history":[{"count":4,"href":"https:\/\/www.alqueria.es\/blogs\/colegioalqueriatercerciclo\/wp-json\/wp\/v2\/posts\/6703\/revisions"}],"predecessor-version":[{"id":6723,"href":"https:\/\/www.alqueria.es\/blogs\/colegioalqueriatercerciclo\/wp-json\/wp\/v2\/posts\/6703\/revisions\/6723"}],"wp:attachment":[{"href":"https:\/\/www.alqueria.es\/blogs\/colegioalqueriatercerciclo\/wp-json\/wp\/v2\/media?parent=6703"}],"wp:term":[{"taxonomy":"category","embeddable":true,"href":"https:\/\/www.alqueria.es\/blogs\/colegioalqueriatercerciclo\/wp-json\/wp\/v2\/categories?post=6703"},{"taxonomy":"post_tag","embeddable":true,"href":"https:\/\/www.alqueria.es\/blogs\/colegioalqueriatercerciclo\/wp-json\/wp\/v2\/tags?post=6703"}],"curies":[{"name":"wp","href":"https:\/\/api.w.org\/{rel}","templated":true}]}}