{"id":6724,"date":"2025-10-17T16:50:50","date_gmt":"2025-10-17T14:50:50","guid":{"rendered":"http:\/\/www.alqueria.es\/blogs\/colegioalqueriatercerciclo\/?p=6724"},"modified":"2025-10-17T16:51:58","modified_gmt":"2025-10-17T14:51:58","slug":"actividades-metacognicion-en-el-tercer-ciclo","status":"publish","type":"post","link":"https:\/\/www.alqueria.es\/blogs\/colegioalqueriatercerciclo\/2025\/10\/17\/actividades-metacognicion-en-el-tercer-ciclo\/","title":{"rendered":"Actividades metacognici\u00f3n en el tercer ciclo"},"content":{"rendered":"<p>Estimadas familias esta semana dedicamos la publicaci\u00f3n a las actividades desarrolladas en el ciclo sobre la metacognici\u00f3n.<\/p>\n<p><em><span style=\"color: #800080\"><strong>Nos podemos preguntar \u00bfQu\u00e9 es la metacognici\u00f3n?<\/strong><\/span><\/em><\/p>\n<p><strong><em>ES LA CAPACIDAD DE APRENDER A APRENDER.<\/em><\/strong><\/p>\n<p><img decoding=\"async\" data-attachment-id=\"19001\" data-permalink=\"https:\/\/www.alqueria.es\/blogs\/colegioalqueriatercerciclo\/2025\/10\/17\/actividades-metacognicion-en-el-tercer-ciclo\/edd9fe0a8e0d41de12f7f5e6a2042509\/\" data-orig-file=\"https:\/\/cloud.alqueria.es\/wp-content\/uploads\/sites\/5\/2025\/10\/edd9fe0a8e0d41de12f7f5e6a2042509.jpg\" data-orig-size=\"1200,1095\" data-comments-opened=\"1\" data-image-meta=\"{&quot;aperture&quot;:&quot;0&quot;,&quot;credit&quot;:&quot;&quot;,&quot;camera&quot;:&quot;&quot;,&quot;caption&quot;:&quot;&quot;,&quot;created_timestamp&quot;:&quot;0&quot;,&quot;copyright&quot;:&quot;&quot;,&quot;focal_length&quot;:&quot;0&quot;,&quot;iso&quot;:&quot;0&quot;,&quot;shutter_speed&quot;:&quot;0&quot;,&quot;title&quot;:&quot;&quot;,&quot;orientation&quot;:&quot;0&quot;}\" data-image-title=\"edd9fe0a8e0d41de12f7f5e6a2042509\" data-image-description=\"\" data-image-caption=\"\" data-large-file=\"https:\/\/cloud.alqueria.es\/wp-content\/uploads\/sites\/5\/2025\/10\/edd9fe0a8e0d41de12f7f5e6a2042509-1024x934.jpg\" class=\"alignnone wp-image-19001\" src=\"https:\/\/cloud.alqueria.es\/wp-content\/uploads\/sites\/5\/2025\/10\/edd9fe0a8e0d41de12f7f5e6a2042509.jpg\" alt=\"\" width=\"352\" height=\"322\" srcset=\"https:\/\/cloud.alqueria.es\/wp-content\/uploads\/sites\/5\/2025\/10\/edd9fe0a8e0d41de12f7f5e6a2042509.jpg 1200w, https:\/\/cloud.alqueria.es\/wp-content\/uploads\/sites\/5\/2025\/10\/edd9fe0a8e0d41de12f7f5e6a2042509-300x274.jpg 300w, https:\/\/cloud.alqueria.es\/wp-content\/uploads\/sites\/5\/2025\/10\/edd9fe0a8e0d41de12f7f5e6a2042509-1024x934.jpg 1024w, https:\/\/cloud.alqueria.es\/wp-content\/uploads\/sites\/5\/2025\/10\/edd9fe0a8e0d41de12f7f5e6a2042509-768x701.jpg 768w\" sizes=\"(max-width: 352px) 100vw, 352px\" \/><\/p>\n<p>Imagen de Orientaci\u00f3n And\u00fajar<\/p>\n<p>En Alquer\u00eda Educaci\u00f3n se le da importancia a todo lo relacionado con el proceso de la <strong>metacognici\u00f3n <\/strong>desde los primeros cursos de infantil como por ejemplo la reflexi\u00f3n que se hace en la Asamblea de Comunicaci\u00f3n que se desarrolla como parte del M\u00e9todo de Propuestas, o en el tercer ciclo de primaria durante\u00a0 el desarrollo de las Tertulias Literarias, en la exposici\u00f3n de las conferencias en toda la etapa de Primaria, en la resoluci\u00f3n de problemas, en el desarrollo del Pensamiento Divergente, en el fomento de la creatividad.<\/p>\n<p>En los siguientes p\u00e1rrafos os a\u00f1ado parte de un art\u00edculo publicado en la Revista UNIR Revista de la Fundaci\u00f3n Unir donde Raquel Mosquera explica en que consiste este concepto, en la importancia que tiene en la educaci\u00f3n y desarrollo del alumnado, as\u00ed como que se puede hacer en el aula para favorecer esta habilidad.<\/p>\n<p><span style=\"color: #0000ff\"><em>\u00abEntre las caracter\u00edsticas de esta habilidad est\u00e1n:<\/em><\/span><\/p>\n<ol>\n<li><span style=\"color: #0000ff\"><em>Supone <strong>reflexionar<\/strong> sobre el propio aprendizaje.<\/em><\/span><\/li>\n<li><span style=\"color: #0000ff\"><em>Es <strong>pensar sobre el pensamiento<\/strong>.<\/em><\/span><\/li>\n<li><span style=\"color: #0000ff\"><em>Es traspasar el aprendizaje memor\u00edstico y buscar la <strong>comprensi\u00f3n<\/strong>.<\/em><\/span><\/li>\n<li><span style=\"color: #0000ff\"><em>Es aprender a aprender y aprender a pensar.<\/em><\/span><\/li>\n<li><span style=\"color: #0000ff\"><em>Supone ser <strong>consciente<\/strong> de tus propios procesos de aprendizaje.<\/em><\/span><\/li>\n<li><span style=\"color: #0000ff\"><em>Implica conocer tus puntos fuertes y d\u00e9biles.<\/em><\/span><\/li>\n<\/ol>\n<p><span style=\"color: #0000ff\"><em>El aspecto m\u00e1s importante es que la <strong>metacognici\u00f3n <\/strong>supone la <strong>habilidad de transferir<\/strong> nuestra capacidad de aprendizaje a otros campos y a otras situaciones, es decir, supone poder <strong>realizar otros aprendizajes de forma aut\u00f3noma <\/strong>en el futuro.<\/em><\/span><\/p>\n<p><span style=\"color: #0000ff\"><em>La\u00a0 <strong>METACOGNICI\u00d3N <\/strong>\u00a0ayuda a los alumnos a ser <strong>aut\u00f3nomos<\/strong> en su aprendizaje y a mantener una <strong>actitud cr\u00edtica<\/strong> sobre la\u00a0informaci\u00f3n, sobre el conocimiento y sobre sus propias estrategias de aprendizaje.<\/em><\/span><\/p>\n<p><span style=\"color: #0000ff\"><em>Se fomenta un <strong>aprendizaje significativo<\/strong>, un aprendizaje en el que el <strong>por qu\u00e9, el c\u00f3mo y el para qu\u00e9<\/strong> cobran sentido para los estudiantes. Se trata de ser conscientes de <strong>qu\u00e9 se quiere aprender, por qu\u00e9, para qu\u00e9, c\u00f3mo, lo que nos va a costar, qu\u00e9 estrategias deberemos seguir<\/strong> para lograrlo y, una vez aprendido, <strong>poder evaluar y mejorar<\/strong> para futuros aprendizajes.<\/em><\/span><\/p>\n<p><span style=\"color: #0000ff\"><em>Esta habilidad puede ser desarrollada y practicada para contribuir a la <strong>autonom\u00eda<\/strong> de nuestros estudiantes. Para ello, debemos ser capaces de evaluar nuestra propia forma de ense\u00f1ar y de aprender para poder ayudar a nuestros alumnos a desarrollar esas estrategias\u00bb.<\/em><\/span><\/p>\n<p>Se puede concluir deciento que la incorporaci\u00f3n de procesos metacognitivos proporcionan beneficios significativos en la autorregulaci\u00f3n, la autoevaluaci\u00f3n y la mejora continua del proceso de aprendizaje del alumnado a la vez que les aporta herramientas para que se conviertan en aprendices m\u00e1s efectivos, cr\u00edticos y aut\u00f3nomos y, a conseguir por tanto, un mayor \u00e9xito acad\u00e9mico y personal.<\/p>\n<p><img decoding=\"async\" data-attachment-id=\"18988\" data-permalink=\"https:\/\/www.alqueria.es\/blogs\/colegioalqueriatercerciclo\/2025\/10\/17\/actividades-metacognicion-en-el-tercer-ciclo\/beneficios_metacognicion-1536x1086\/\" data-orig-file=\"https:\/\/cloud.alqueria.es\/wp-content\/uploads\/sites\/5\/2025\/10\/beneficios_metacognicion-1536x1086-1.png\" data-orig-size=\"1536,1086\" data-comments-opened=\"1\" data-image-meta=\"{&quot;aperture&quot;:&quot;0&quot;,&quot;credit&quot;:&quot;&quot;,&quot;camera&quot;:&quot;&quot;,&quot;caption&quot;:&quot;&quot;,&quot;created_timestamp&quot;:&quot;0&quot;,&quot;copyright&quot;:&quot;&quot;,&quot;focal_length&quot;:&quot;0&quot;,&quot;iso&quot;:&quot;0&quot;,&quot;shutter_speed&quot;:&quot;0&quot;,&quot;title&quot;:&quot;&quot;,&quot;orientation&quot;:&quot;0&quot;}\" data-image-title=\"beneficios_metacognicion-1536&amp;#215;1086\" data-image-description=\"\" data-image-caption=\"\" data-large-file=\"https:\/\/cloud.alqueria.es\/wp-content\/uploads\/sites\/5\/2025\/10\/beneficios_metacognicion-1536x1086-1-1024x724.png\" class=\"alignnone size-full wp-image-18988\" src=\"https:\/\/cloud.alqueria.es\/wp-content\/uploads\/sites\/5\/2025\/10\/beneficios_metacognicion-1536x1086-1.png\" alt=\"\" width=\"1536\" height=\"1086\" srcset=\"https:\/\/cloud.alqueria.es\/wp-content\/uploads\/sites\/5\/2025\/10\/beneficios_metacognicion-1536x1086-1.png 1536w, https:\/\/cloud.alqueria.es\/wp-content\/uploads\/sites\/5\/2025\/10\/beneficios_metacognicion-1536x1086-1-300x212.png 300w, https:\/\/cloud.alqueria.es\/wp-content\/uploads\/sites\/5\/2025\/10\/beneficios_metacognicion-1536x1086-1-1024x724.png 1024w, https:\/\/cloud.alqueria.es\/wp-content\/uploads\/sites\/5\/2025\/10\/beneficios_metacognicion-1536x1086-1-768x543.png 768w\" sizes=\"(max-width: 1536px) 100vw, 1536px\" \/><\/p>\n<h6>Fuente: Intef<\/h6>\n<p>Pero,<strong> <span style=\"color: #008000\">\u00bfC\u00f3mo puede intervenir el docente y ayudar a su alumnado a realizar los procesos internos necesarios para esta reflexi\u00f3n<\/span>?<\/strong><\/p>\n<ul>\n<li>Facilitando modelos de pensamiento. Es decir, debe saber explicitar a su alumnado lo que se hace para aprender.<\/li>\n<li>Reservando momentos en las propuestas de aprendizaje para facilitar esa reflexi\u00f3n, como por ejemplo al desarrollar una investigaci\u00f3n y realizar la autoevaluaci\u00f3n y reflexi\u00f3n del proceso seguido.<\/li>\n<li>Mostrando una actitud metacognitiva respecto a su propio trabajo.<\/li>\n<li>Empleando herramientas y estrategias de aprendizaje que fomenten la metacognici\u00f3n en el desarrollos de las distintas situaciones de aprendizaje. Es decir, utilizando t\u00e9cnicas de \u00a0aprendizaje activo como en nuestro proyecto:\u00a0 trabajo por proyectos, retos, aprendizaje cooperativo.<\/li>\n<\/ul>\n<p><strong><span style=\"color: #800080\">\u00bfD\u00f3nde se fomenta la metacognici\u00f3n en quinto y sexto?<\/span><\/strong><\/p>\n<p><span style=\"color: #000000\">En la coeducaci\u00f3n y coaprendizaje como pueden ser las lecturas compartidas, parejas de trabajo, parejas de correcci\u00f3n,\u00a0 explicar contenido a los compa\u00f1eros como en las investigaciones del \u00e1rea de ciencias o en la resoluci\u00f3n de problemas en matem\u00e1ticas y convertirse en docente son herramientas muy importantes. Si eres capaz de explicar algo a los dem\u00e1s, es que lo has interiorizado y hecho tuyo.<\/span><\/p>\n<p><span style=\"color: #000000\">Es importante hacer actividades variadas para potenciar las diferentes inteligencias. Hacer muchas preguntas y responderlas entre todos, reflexionando y compartiendo ideas. Por ejemplo en tercer ciclo se puede ver en actividades como: Debate sobre los derechos del ni\u00f1o y la ni\u00f1a, elecci\u00f3n de la receta de cocina, elecci\u00f3n de sonetos de oto\u00f1o para la fiesta, ponerse de acuerdo para elegir un tema de emprendimiento. Las tertulias literarias, asambleas: <em>es<\/em>cuchar opiniones de otras y ser capaz de expresar las nuestras.<\/span><\/p>\n<p><span style=\"color: #000000\">En los distintos cine f\u00f3rum de \u00e9tica donde se fomenta el conocer y respetar otros puntos de vista en cualquiera de las tem\u00e1ticas tratadas.<\/span><\/p>\n<p><span style=\"color: #000000\">El elaborar el Portfolio, escribir en el cuaderno de bit\u00e1cora, realizar esquemas ayuda al alumnado a reflexionar sobre su aprendizaje, hacerlo real, visible,\u00a0 y a ser consciente de lo va sucediendo a lo largo del mismo.<\/span><\/p>\n<p><span style=\"color: #000000\">En casa tambi\u00e9n se puede fomentar la metacognici\u00f3n cuando los ni\u00f1os y ni\u00f1as hacen preguntas, el\u00a0 no responderlas enseguida sino hacer m\u00e1s preguntas para que sean ellos lleguen a la soluci\u00f3n, es una forma de favorecer este proceso de aprendizaje.<\/span><\/p>\n<p><span style=\"color: #000000\">Igual ocurre en la resoluci\u00f3n de problemas, donde es importante explicar los procesos por lo que llegan a la soluci\u00f3n de ese problema para hacerse consciente de esa respuesta. Y de esa manera ampliar el n\u00famero de estrategias que podemos utilizar para resolver estas situaciones.<\/span><\/p>\n<p>As\u00ed esta semana en la sesi\u00f3n de emprendimiento se ha planteado una actividad titulada<strong><span style=\"color: #800080\"> \u00abUna historia de la Nasa\u00bb.\u00a0<\/span><\/strong><\/p>\n<p>Esta actividad consiste en reflexionar sobre un problema sucedido durante un viaje espacial. La nave tiene que aterrizar de emergencia y cada persona debe decidir individualmente que objetos elegir\u00eda llevarse, en orden de importancia, hacia la nave nodriza que se encuentra a 350 km de donde la nave ha alunizado. Una vez el alumnado establece el orden de prioridad de los objetos que se elegir\u00eda, de una lista dada. Se re\u00fanen en grupo de 5 personas para argumentar las decisiones hechas y llegar a acuerdos grupales sobre el orden de los materiales, decisiones un\u00e1nimes. Este es un ejercicio de decisi\u00f3n para provocar conclusiones pr\u00f3ximas a la realidad.<\/p>\n<p class=\"jetpack-slideshow-noscript robots-nocontent\">El pase de diapositivas requiere JavaScript.<\/p><div id=\"gallery-6724-1-slideshow\" class=\"jetpack-slideshow-window jetpack-slideshow jetpack-slideshow-black\" data-trans=\"fade\" data-autostart=\"1\" data-gallery=\"[{&quot;src&quot;:&quot;https:\\\/\\\/cloud.alqueria.es\\\/wp-content\\\/uploads\\\/sites\\\/5\\\/2025\\\/10\\\/PHOTO-2025-10-17-08-27-48-1.jpg&quot;,&quot;id&quot;:&quot;18990&quot;,&quot;title&quot;:&quot;PHOTO-2025-10-17-08-27-48 (1)&quot;,&quot;alt&quot;:&quot;&quot;,&quot;caption&quot;:&quot;&quot;,&quot;itemprop&quot;:&quot;image&quot;},{&quot;src&quot;:&quot;https:\\\/\\\/cloud.alqueria.es\\\/wp-content\\\/uploads\\\/sites\\\/5\\\/2025\\\/10\\\/PHOTO-2025-10-17-08-27-48-2.jpg&quot;,&quot;id&quot;:&quot;18991&quot;,&quot;title&quot;:&quot;PHOTO-2025-10-17-08-27-48 (2)&quot;,&quot;alt&quot;:&quot;&quot;,&quot;caption&quot;:&quot;&quot;,&quot;itemprop&quot;:&quot;image&quot;},{&quot;src&quot;:&quot;https:\\\/\\\/cloud.alqueria.es\\\/wp-content\\\/uploads\\\/sites\\\/5\\\/2025\\\/10\\\/PHOTO-2025-10-17-08-27-48-4.jpg&quot;,&quot;id&quot;:&quot;18992&quot;,&quot;title&quot;:&quot;PHOTO-2025-10-17-08-27-48 (4)&quot;,&quot;alt&quot;:&quot;&quot;,&quot;caption&quot;:&quot;&quot;,&quot;itemprop&quot;:&quot;image&quot;},{&quot;src&quot;:&quot;https:\\\/\\\/cloud.alqueria.es\\\/wp-content\\\/uploads\\\/sites\\\/5\\\/2025\\\/10\\\/PHOTO-2025-10-17-08-27-48.jpg&quot;,&quot;id&quot;:&quot;18993&quot;,&quot;title&quot;:&quot;PHOTO-2025-10-17-08-27-48&quot;,&quot;alt&quot;:&quot;&quot;,&quot;caption&quot;:&quot;&quot;,&quot;itemprop&quot;:&quot;image&quot;}]\" itemscope itemtype=\"https:\/\/schema.org\/ImageGallery\"><\/div>\n<p>De esta manera se fomenta la escucha activa, la argumentaci\u00f3n, la reflexi\u00f3n, la aceptaci\u00f3n. Por \u00faltimo se debate en clase entre todos cu\u00e1l es el orden que la NASA dar\u00eda para la elecci\u00f3n de esos objetos y cu\u00e1l es la desviaci\u00f3n en orden de nuestras elecciones.<\/p>\n<p><img decoding=\"async\" data-attachment-id=\"18994\" data-permalink=\"https:\/\/www.alqueria.es\/blogs\/colegioalqueriatercerciclo\/2025\/10\/17\/actividades-metacognicion-en-el-tercer-ciclo\/photo-2025-10-17-08-27-48-3\/\" data-orig-file=\"https:\/\/cloud.alqueria.es\/wp-content\/uploads\/sites\/5\/2025\/10\/PHOTO-2025-10-17-08-27-48-3-e1760682848883.jpg\" data-orig-size=\"1024,619\" data-comments-opened=\"1\" data-image-meta=\"{&quot;aperture&quot;:&quot;0&quot;,&quot;credit&quot;:&quot;&quot;,&quot;camera&quot;:&quot;&quot;,&quot;caption&quot;:&quot;&quot;,&quot;created_timestamp&quot;:&quot;0&quot;,&quot;copyright&quot;:&quot;&quot;,&quot;focal_length&quot;:&quot;0&quot;,&quot;iso&quot;:&quot;0&quot;,&quot;shutter_speed&quot;:&quot;0&quot;,&quot;title&quot;:&quot;&quot;,&quot;orientation&quot;:&quot;0&quot;}\" data-image-title=\"PHOTO-2025-10-17-08-27-48 (3)\" data-image-description=\"\" data-image-caption=\"\" data-large-file=\"https:\/\/cloud.alqueria.es\/wp-content\/uploads\/sites\/5\/2025\/10\/PHOTO-2025-10-17-08-27-48-3-1024x768.jpg\" class=\"alignnone wp-image-18994 size-full\" src=\"https:\/\/cloud.alqueria.es\/wp-content\/uploads\/sites\/5\/2025\/10\/PHOTO-2025-10-17-08-27-48-3-e1760682848883.jpg\" alt=\"\" width=\"1024\" height=\"619\" \/><\/p>\n<p>Se ha generado un debate grupal muy enriquecedor tanto en los peque\u00f1os grupos como en el gran grupo. Cuando se daban las respuestas ofrecidas por la NASA tambi\u00e9n se produc\u00eda una lluvia de comentarios, de ideas, de argumentos a favor y en contra.<\/p>\n<p>Aunque al final cuando se le\u00eda el argumento aportado por los cient\u00edficos, han estado de acuerdo con esos argumentos, una vez han tenido tiempo de reflexionar sobre c\u00f3mo no hab\u00edan pensado en esas posibilidades, y han llegado por otro camino a la toma de las decisiones grupales.<\/p>\n<p>Buen fin de Semana<\/p>\n<p>Isabel<\/p>\n<p>&nbsp;<\/p>\n<p>&nbsp;<\/p>\n","protected":false},"excerpt":{"rendered":"<p>Estimadas familias esta semana dedicamos la publicaci\u00f3n a las actividades desarrolladas en el ciclo sobre la metacognici\u00f3n. Nos podemos preguntar \u00bfQu\u00e9 es la metacognici\u00f3n? ES LA CAPACIDAD DE APRENDER A APRENDER. Imagen de Orientaci\u00f3n And\u00fajar En Alquer\u00eda Educaci\u00f3n se le da importancia a todo lo relacionado con el proceso de la metacognici\u00f3n desde los primeros &hellip; <a href=\"https:\/\/www.alqueria.es\/blogs\/colegioalqueriatercerciclo\/2025\/10\/17\/actividades-metacognicion-en-el-tercer-ciclo\/\" class=\"more-link\">Seguir leyendo <span class=\"screen-reader-text\">Actividades metacognici\u00f3n en el tercer ciclo<\/span> <span class=\"meta-nav\">&rarr;<\/span><\/a><\/p>\n","protected":false},"author":3,"featured_media":0,"comment_status":"open","ping_status":"open","sticky":false,"template":"","format":"standard","meta":{"jetpack_post_was_ever_published":false,"_jetpack_newsletter_access":"","_jetpack_dont_email_post_to_subs":false,"_jetpack_newsletter_tier_id":0,"_jetpack_memberships_contains_paywalled_content":false,"_jetpack_memberships_contains_paid_content":false,"footnotes":"","jetpack_publicize_message":"","jetpack_publicize_feature_enabled":true,"jetpack_social_post_already_shared":true,"jetpack_social_options":{"image_generator_settings":{"template":"highway","default_image_id":0,"font":"","enabled":false},"version":2}},"categories":[2],"tags":[325],"class_list":["post-6724","post","type-post","status-publish","format-standard","hentry","category-5o-epo","tag-informacion-a-familias"],"jetpack_publicize_connections":[],"jetpack_featured_media_url":"","jetpack_sharing_enabled":true,"jetpack_shortlink":"https:\/\/wp.me\/p4l4AW-1Ks","jetpack-related-posts":[],"_links":{"self":[{"href":"https:\/\/www.alqueria.es\/blogs\/colegioalqueriatercerciclo\/wp-json\/wp\/v2\/posts\/6724","targetHints":{"allow":["GET"]}}],"collection":[{"href":"https:\/\/www.alqueria.es\/blogs\/colegioalqueriatercerciclo\/wp-json\/wp\/v2\/posts"}],"about":[{"href":"https:\/\/www.alqueria.es\/blogs\/colegioalqueriatercerciclo\/wp-json\/wp\/v2\/types\/post"}],"author":[{"embeddable":true,"href":"https:\/\/www.alqueria.es\/blogs\/colegioalqueriatercerciclo\/wp-json\/wp\/v2\/users\/3"}],"replies":[{"embeddable":true,"href":"https:\/\/www.alqueria.es\/blogs\/colegioalqueriatercerciclo\/wp-json\/wp\/v2\/comments?post=6724"}],"version-history":[{"count":13,"href":"https:\/\/www.alqueria.es\/blogs\/colegioalqueriatercerciclo\/wp-json\/wp\/v2\/posts\/6724\/revisions"}],"predecessor-version":[{"id":19003,"href":"https:\/\/www.alqueria.es\/blogs\/colegioalqueriatercerciclo\/wp-json\/wp\/v2\/posts\/6724\/revisions\/19003"}],"wp:attachment":[{"href":"https:\/\/www.alqueria.es\/blogs\/colegioalqueriatercerciclo\/wp-json\/wp\/v2\/media?parent=6724"}],"wp:term":[{"taxonomy":"category","embeddable":true,"href":"https:\/\/www.alqueria.es\/blogs\/colegioalqueriatercerciclo\/wp-json\/wp\/v2\/categories?post=6724"},{"taxonomy":"post_tag","embeddable":true,"href":"https:\/\/www.alqueria.es\/blogs\/colegioalqueriatercerciclo\/wp-json\/wp\/v2\/tags?post=6724"}],"curies":[{"name":"wp","href":"https:\/\/api.w.org\/{rel}","templated":true}]}}