{"id":6728,"date":"2019-12-18T15:12:28","date_gmt":"2019-12-18T14:12:28","guid":{"rendered":"http:\/\/www.alqueria.es\/blogs\/colegioalqueriatercerciclo\/?p=6728"},"modified":"2019-12-18T15:12:28","modified_gmt":"2019-12-18T14:12:28","slug":"cierre-trimestre-6o-e-p-o","status":"publish","type":"post","link":"https:\/\/www.alqueria.es\/blogs\/colegioalqueriatercerciclo\/2019\/12\/18\/cierre-trimestre-6o-e-p-o\/","title":{"rendered":"CIERRE TRIMESTRE 6\u00ba E.P.O"},"content":{"rendered":"<p>Hemos llegado al final del primer trimestre de la clase de sexto trabajando en todos los aspectos del desarrollo. Para llegar aqu\u00ed hemos realizado salidas, tertulias, conferencias, miniconferencias, asambleas, debates, escritura creativa, tem\u00e1ticas diversas en nuestra bit\u00e1cora, \u00a0lectura silenciosa, lectura compartida, talleres de cocina. Hemos trabajado de forma individual, parejas, en grupos y con otros compa\u00f1eros y compa\u00f1eras de otras clases.<\/p>\n<p>Ma\u00f1ana jueves realizaremos nuestro taller de cocina de invierno, donde realizaremos bolitas de cereales y chocolate junto a nuestros compa\u00f1eros y compa\u00f1eras de quinto de primaria. No deben olvidar traer el delantal.<\/p>\n<p>Hoy ha tenido lugar la segunda parte de nuestra tertulia literaria sobre Wonder. Han sido dos tertulias muy satisfactorias para todos los participantes ya que ha sido un libro que ha gustado a todo el alumnado y que c\u00f3mo ellos mismos dicen les ha hecho pensar y reflexionar sobre diversos temas.<\/p>\n<p><a href=\"https:\/\/cloud.alqueria.es\/wp-content\/uploads\/sites\/5\/2018\/11\/41RLAnx46ZL.jpg\"><img decoding=\"async\" data-attachment-id=\"5618\" data-permalink=\"https:\/\/www.alqueria.es\/blogs\/colegioalqueriatercerciclo\/2018\/11\/15\/tras-la-fiesta-del-otono\/41rlanx46zl\/\" data-orig-file=\"https:\/\/cloud.alqueria.es\/wp-content\/uploads\/sites\/5\/2018\/11\/41RLAnx46ZL.jpg\" data-orig-size=\"329,500\" data-comments-opened=\"1\" data-image-meta=\"{&quot;aperture&quot;:&quot;0&quot;,&quot;credit&quot;:&quot;&quot;,&quot;camera&quot;:&quot;&quot;,&quot;caption&quot;:&quot;&quot;,&quot;created_timestamp&quot;:&quot;0&quot;,&quot;copyright&quot;:&quot;&quot;,&quot;focal_length&quot;:&quot;0&quot;,&quot;iso&quot;:&quot;0&quot;,&quot;shutter_speed&quot;:&quot;0&quot;,&quot;title&quot;:&quot;&quot;,&quot;orientation&quot;:&quot;0&quot;}\" data-image-title=\"41RLAnx46ZL\" data-image-description=\"\" data-image-caption=\"\" data-large-file=\"https:\/\/cloud.alqueria.es\/wp-content\/uploads\/sites\/5\/2018\/11\/41RLAnx46ZL.jpg\" class=\"aligncenter size-medium wp-image-5618\" src=\"https:\/\/cloud.alqueria.es\/wp-content\/uploads\/sites\/5\/2018\/11\/41RLAnx46ZL.jpg\" alt=\"\" width=\"197\" height=\"300\" srcset=\"https:\/\/cloud.alqueria.es\/wp-content\/uploads\/sites\/5\/2018\/11\/41RLAnx46ZL.jpg 329w, https:\/\/cloud.alqueria.es\/wp-content\/uploads\/sites\/5\/2018\/11\/41RLAnx46ZL.jpg 197w\" sizes=\"(max-width: 197px) 100vw, 197px\" \/><\/a><\/p>\n<p>Algunas de las tem\u00e1ticas sobre las que hemos opinado, reflexionado han sido las siguientes:<\/p>\n<ul>\n<li>La muerte y lo que pasa despu\u00e9s de la misma.<\/li>\n<li>Las apariencias.<\/li>\n<li>Los estereotipos.<\/li>\n<li>El acoso.<\/li>\n<li>El esfuerzo.<\/li>\n<li>Los valores personales.<\/li>\n<li>Los lideres de los grupos.<\/li>\n<li>Capacidad para ser uno mismo.<\/li>\n<li>Recompensas.<\/li>\n<li>Las elecciones personales.<\/li>\n<li>Discusiones familiares.<\/li>\n<li>Recuerdos.<\/li>\n<li>Los hermanos mayores.<\/li>\n<li>Roles.<\/li>\n<\/ul>\n<p>El jueves 19 de diciembre tendr\u00e9is acceso a los boletines de\u00a0 evaluaci\u00f3n, a trav\u00e9s del \u00e1rea de familia de la p\u00e1gina web de Alquer\u00eda. Tambi\u00e9n se llevar\u00e1n sus trabajos, que durante esta semana hemos encuadernado y la evaluaci\u00f3n personal que ellos mismos han realizado sobre su propio trabajo.<\/p>\n<p>El viernes para recibir al invierno y despedir el trimestre realizaremos nuestro festival de villancicos, donde vamos a interpretar dos canciones, una en ingl\u00e9s y otra en franc\u00e9s, que hemos preparado en el aula, junto al departamento de idiomas. Os esperamos a partir de las 14h, con unos dulces, para despedirnos hasta el a\u00f1o que viene.<\/p>\n<p>Isabel.<\/p>\n<p>&nbsp;<\/p>\n<p>&nbsp;<\/p>\n<p>&nbsp;<\/p>\n","protected":false},"excerpt":{"rendered":"<p>Hemos llegado al final del primer trimestre de la clase de sexto trabajando en todos los aspectos del desarrollo. Para llegar aqu\u00ed hemos realizado salidas, tertulias, conferencias, miniconferencias, asambleas, debates, escritura creativa, tem\u00e1ticas diversas en nuestra bit\u00e1cora, \u00a0lectura silenciosa, lectura compartida, talleres de cocina. Hemos trabajado de forma individual, parejas, en grupos y con otros &hellip; <a href=\"https:\/\/www.alqueria.es\/blogs\/colegioalqueriatercerciclo\/2019\/12\/18\/cierre-trimestre-6o-e-p-o\/\" class=\"more-link\">Seguir leyendo <span class=\"screen-reader-text\">CIERRE TRIMESTRE 6\u00ba E.P.O<\/span> <span class=\"meta-nav\">&rarr;<\/span><\/a><\/p>\n","protected":false},"author":9,"featured_media":0,"comment_status":"open","ping_status":"open","sticky":false,"template":"","format":"standard","meta":{"jetpack_post_was_ever_published":false,"_jetpack_newsletter_access":"","_jetpack_dont_email_post_to_subs":false,"_jetpack_newsletter_tier_id":0,"_jetpack_memberships_contains_paywalled_content":false,"_jetpack_memberships_contains_paid_content":false,"footnotes":"","jetpack_publicize_message":"","jetpack_publicize_feature_enabled":true,"jetpack_social_post_already_shared":true,"jetpack_social_options":{"image_generator_settings":{"template":"highway","default_image_id":0,"font":"","enabled":false},"version":2}},"categories":[3,15],"tags":[325],"class_list":["post-6728","post","type-post","status-publish","format-standard","hentry","category-6o-epo","category-semanario-6o","tag-informacion-a-familias"],"jetpack_publicize_connections":[],"jetpack_featured_media_url":"","jetpack_sharing_enabled":true,"jetpack_shortlink":"https:\/\/wp.me\/p4l4AW-1Kw","jetpack-related-posts":[],"_links":{"self":[{"href":"https:\/\/www.alqueria.es\/blogs\/colegioalqueriatercerciclo\/wp-json\/wp\/v2\/posts\/6728","targetHints":{"allow":["GET"]}}],"collection":[{"href":"https:\/\/www.alqueria.es\/blogs\/colegioalqueriatercerciclo\/wp-json\/wp\/v2\/posts"}],"about":[{"href":"https:\/\/www.alqueria.es\/blogs\/colegioalqueriatercerciclo\/wp-json\/wp\/v2\/types\/post"}],"author":[{"embeddable":true,"href":"https:\/\/www.alqueria.es\/blogs\/colegioalqueriatercerciclo\/wp-json\/wp\/v2\/users\/9"}],"replies":[{"embeddable":true,"href":"https:\/\/www.alqueria.es\/blogs\/colegioalqueriatercerciclo\/wp-json\/wp\/v2\/comments?post=6728"}],"version-history":[{"count":1,"href":"https:\/\/www.alqueria.es\/blogs\/colegioalqueriatercerciclo\/wp-json\/wp\/v2\/posts\/6728\/revisions"}],"predecessor-version":[{"id":6729,"href":"https:\/\/www.alqueria.es\/blogs\/colegioalqueriatercerciclo\/wp-json\/wp\/v2\/posts\/6728\/revisions\/6729"}],"wp:attachment":[{"href":"https:\/\/www.alqueria.es\/blogs\/colegioalqueriatercerciclo\/wp-json\/wp\/v2\/media?parent=6728"}],"wp:term":[{"taxonomy":"category","embeddable":true,"href":"https:\/\/www.alqueria.es\/blogs\/colegioalqueriatercerciclo\/wp-json\/wp\/v2\/categories?post=6728"},{"taxonomy":"post_tag","embeddable":true,"href":"https:\/\/www.alqueria.es\/blogs\/colegioalqueriatercerciclo\/wp-json\/wp\/v2\/tags?post=6728"}],"curies":[{"name":"wp","href":"https:\/\/api.w.org\/{rel}","templated":true}]}}