{"id":6800,"date":"2020-01-24T16:18:47","date_gmt":"2020-01-24T15:18:47","guid":{"rendered":"http:\/\/www.alqueria.es\/blogs\/colegioalqueriatercerciclo\/?p=6800"},"modified":"2020-01-24T16:20:42","modified_gmt":"2020-01-24T15:20:42","slug":"visita-a-la-fundacion-medina","status":"publish","type":"post","link":"https:\/\/www.alqueria.es\/blogs\/colegioalqueriatercerciclo\/2020\/01\/24\/visita-a-la-fundacion-medina\/","title":{"rendered":"Visita a la Fundaci\u00f3n Medina"},"content":{"rendered":"<p style=\"background: white\">Hoy el grupo de sexto ha visitado\u00a0 el centro de la Fundaci\u00f3n Medina, un centro de investigaci\u00f3n situado en el Parque Tecnol\u00f3gico de la Salud (PTS), cuya misi\u00f3n se basa en \u00ab<em>el descubrimiento de mol\u00e9culas bioactivas, candidatos a f\u00e1rmacos y productos de alto valor biotecnol\u00f3gico para <\/em><strong><i>dar respuesta a necesidades m\u00e9dicas e industriales no cubiertas<\/i><\/strong><em>.\u00bb<\/em><\/p>\n<p><a href=\"https:\/\/cloud.alqueria.es\/wp-content\/uploads\/sites\/5\/2020\/01\/Logo-Medina.jpg\"><img decoding=\"async\" data-attachment-id=\"6815\" data-permalink=\"https:\/\/www.alqueria.es\/blogs\/colegioalqueriatercerciclo\/2020\/01\/24\/visita-a-la-fundacion-medina\/logo-medina-2\/\" data-orig-file=\"https:\/\/cloud.alqueria.es\/wp-content\/uploads\/sites\/5\/2020\/01\/Logo-Medina.jpg\" data-orig-size=\"128,118\" data-comments-opened=\"1\" data-image-meta=\"{&quot;aperture&quot;:&quot;0&quot;,&quot;credit&quot;:&quot;&quot;,&quot;camera&quot;:&quot;&quot;,&quot;caption&quot;:&quot;&quot;,&quot;created_timestamp&quot;:&quot;0&quot;,&quot;copyright&quot;:&quot;&quot;,&quot;focal_length&quot;:&quot;0&quot;,&quot;iso&quot;:&quot;0&quot;,&quot;shutter_speed&quot;:&quot;0&quot;,&quot;title&quot;:&quot;&quot;,&quot;orientation&quot;:&quot;0&quot;}\" data-image-title=\"Logo-Medina\" data-image-description=\"\" data-image-caption=\"\" data-large-file=\"https:\/\/cloud.alqueria.es\/wp-content\/uploads\/sites\/5\/2020\/01\/Logo-Medina.jpg\" class=\"aligncenter size-full wp-image-6815\" src=\"https:\/\/cloud.alqueria.es\/wp-content\/uploads\/sites\/5\/2020\/01\/Logo-Medina.jpg\" alt=\"\" width=\"128\" height=\"118\" \/><\/a><\/p>\n<p style=\"background: white\">Hemos disfrutado de una intensa ma\u00f1ana en este centro de investigaci\u00f3n. Nuestra primera actividad ha sido una charla donde nos han informado de los trabajos de investigaci\u00f3n sobre mircroorganismos que all\u00ed llevan a cabo. Nos han hablado de bacterias, hongos, protozoos, virus, recordamos lo que son c\u00e9lulas procariotas y eucariotas. Hemos aprendido las fases que se deben tener en cuenta para la obtenci\u00f3n de resultados y como mediante modelos celulares se puede iniciar el trabajo de investigaci\u00f3n para conseguir nuevos medicamentos que ayuden en diferentes campos: salud, agricultura, cosm\u00e9tica y alimentaci\u00f3n.<\/p>\n<p><a href=\"https:\/\/cloud.alqueria.es\/wp-content\/uploads\/sites\/5\/2020\/01\/IMG-8629.jpg\"><img decoding=\"async\" data-attachment-id=\"6802\" data-permalink=\"https:\/\/www.alqueria.es\/blogs\/colegioalqueriatercerciclo\/2020\/01\/24\/visita-a-la-fundacion-medina\/img-8629\/\" data-orig-file=\"https:\/\/cloud.alqueria.es\/wp-content\/uploads\/sites\/5\/2020\/01\/IMG-8629.jpg\" data-orig-size=\"756,567\" data-comments-opened=\"1\" data-image-meta=\"{&quot;aperture&quot;:&quot;1.8&quot;,&quot;credit&quot;:&quot;&quot;,&quot;camera&quot;:&quot;iPhone 7&quot;,&quot;caption&quot;:&quot;&quot;,&quot;created_timestamp&quot;:&quot;1579862272&quot;,&quot;copyright&quot;:&quot;&quot;,&quot;focal_length&quot;:&quot;3.99&quot;,&quot;iso&quot;:&quot;100&quot;,&quot;shutter_speed&quot;:&quot;0.058823529411765&quot;,&quot;title&quot;:&quot;&quot;,&quot;orientation&quot;:&quot;1&quot;}\" data-image-title=\"IMG-8629\" data-image-description=\"\" data-image-caption=\"\" data-large-file=\"https:\/\/cloud.alqueria.es\/wp-content\/uploads\/sites\/5\/2020\/01\/IMG-8629.jpg\" class=\"aligncenter size-medium wp-image-6802\" src=\"https:\/\/cloud.alqueria.es\/wp-content\/uploads\/sites\/5\/2020\/01\/IMG-8629.jpg\" alt=\"\" width=\"300\" height=\"225\" srcset=\"https:\/\/cloud.alqueria.es\/wp-content\/uploads\/sites\/5\/2020\/01\/IMG-8629.jpg 756w, https:\/\/cloud.alqueria.es\/wp-content\/uploads\/sites\/5\/2020\/01\/IMG-8629.jpg 300w\" sizes=\"(max-width: 300px) 100vw, 300px\" \/><\/a><\/p>\n<p style=\"background: white\">Adem\u00e1s hemos podido ver la importancia del trabajo en equipo, del esfuerzo y dedicaci\u00f3n para obtener resultados. Valores del trabajo cient\u00edfico que han transmitido\u00a0 a nuestro grupo de sexto, el cual se ha mostrado muy interesado y participativo.<\/p>\n<p><a href=\"https:\/\/cloud.alqueria.es\/wp-content\/uploads\/sites\/5\/2020\/01\/IMG-8687.jpg\"><img decoding=\"async\" data-attachment-id=\"6804\" data-permalink=\"https:\/\/www.alqueria.es\/blogs\/colegioalqueriatercerciclo\/2020\/01\/24\/visita-a-la-fundacion-medina\/img-8687\/\" data-orig-file=\"https:\/\/cloud.alqueria.es\/wp-content\/uploads\/sites\/5\/2020\/01\/IMG-8687.jpg\" data-orig-size=\"504,378\" data-comments-opened=\"1\" data-image-meta=\"{&quot;aperture&quot;:&quot;1.8&quot;,&quot;credit&quot;:&quot;&quot;,&quot;camera&quot;:&quot;iPhone 7&quot;,&quot;caption&quot;:&quot;&quot;,&quot;created_timestamp&quot;:&quot;1579867653&quot;,&quot;copyright&quot;:&quot;&quot;,&quot;focal_length&quot;:&quot;3.99&quot;,&quot;iso&quot;:&quot;40&quot;,&quot;shutter_speed&quot;:&quot;0.058823529411765&quot;,&quot;title&quot;:&quot;&quot;,&quot;orientation&quot;:&quot;1&quot;}\" data-image-title=\"IMG-8687\" data-image-description=\"\" data-image-caption=\"\" data-large-file=\"https:\/\/cloud.alqueria.es\/wp-content\/uploads\/sites\/5\/2020\/01\/IMG-8687.jpg\" class=\"aligncenter size-medium wp-image-6804\" src=\"https:\/\/cloud.alqueria.es\/wp-content\/uploads\/sites\/5\/2020\/01\/IMG-8687.jpg\" alt=\"\" width=\"300\" height=\"225\" srcset=\"https:\/\/cloud.alqueria.es\/wp-content\/uploads\/sites\/5\/2020\/01\/IMG-8687.jpg 504w, https:\/\/cloud.alqueria.es\/wp-content\/uploads\/sites\/5\/2020\/01\/IMG-8687.jpg 300w\" sizes=\"(max-width: 300px) 100vw, 300px\" \/><\/a><\/p>\n<p style=\"background: white\">Ha continuado la ma\u00f1ana, con unas experiencias pr\u00e1cticas que nos han preparado: <strong>observaci\u00f3n de microorganismos por medio de lupas \u00f3pticas, pipeteado de sustancias l\u00edquidas, microorganismos que viven en nuestro dormitorio, cromatograf\u00eda.<\/strong> Ataviados con batas y guantes, hemos disfrutado de todas las actividades con mucho inter\u00e9s.<\/p>\n<p>Adem\u00e1s nos llevamos trabajo para el aula, seguir viendo crecer los hongos y levaduras en las placas de petri\u00a0 y realizar una observaci\u00f3n de lo que va ocurriendo.<\/p>\n<p class=\"jetpack-slideshow-noscript robots-nocontent\">El pase de diapositivas requiere JavaScript.<\/p><div id=\"gallery-6800-1-slideshow\" class=\"jetpack-slideshow-window jetpack-slideshow jetpack-slideshow-black\" data-trans=\"fade\" data-autostart=\"1\" data-gallery=\"[{&quot;src&quot;:&quot;https:\\\/\\\/cloud.alqueria.es\\\/wp-content\\\/uploads\\\/sites\\\/5\\\/2020\\\/01\\\/IMG-8716-300x225.jpg&quot;,&quot;id&quot;:&quot;6813&quot;,&quot;title&quot;:&quot;IMG-8716&quot;,&quot;alt&quot;:&quot;&quot;,&quot;caption&quot;:&quot;&quot;,&quot;itemprop&quot;:&quot;image&quot;},{&quot;src&quot;:&quot;https:\\\/\\\/cloud.alqueria.es\\\/wp-content\\\/uploads\\\/sites\\\/5\\\/2020\\\/01\\\/IMG-8708-300x225.jpg&quot;,&quot;id&quot;:&quot;6812&quot;,&quot;title&quot;:&quot;IMG-8708&quot;,&quot;alt&quot;:&quot;&quot;,&quot;caption&quot;:&quot;&quot;,&quot;itemprop&quot;:&quot;image&quot;},{&quot;src&quot;:&quot;https:\\\/\\\/cloud.alqueria.es\\\/wp-content\\\/uploads\\\/sites\\\/5\\\/2020\\\/01\\\/IMG-8706-300x225.jpg&quot;,&quot;id&quot;:&quot;6811&quot;,&quot;title&quot;:&quot;IMG-8706&quot;,&quot;alt&quot;:&quot;&quot;,&quot;caption&quot;:&quot;&quot;,&quot;itemprop&quot;:&quot;image&quot;},{&quot;src&quot;:&quot;https:\\\/\\\/cloud.alqueria.es\\\/wp-content\\\/uploads\\\/sites\\\/5\\\/2020\\\/01\\\/IMG-8694-300x225.jpg&quot;,&quot;id&quot;:&quot;6806&quot;,&quot;title&quot;:&quot;IMG-8694&quot;,&quot;alt&quot;:&quot;&quot;,&quot;caption&quot;:&quot;&quot;,&quot;itemprop&quot;:&quot;image&quot;},{&quot;src&quot;:&quot;https:\\\/\\\/cloud.alqueria.es\\\/wp-content\\\/uploads\\\/sites\\\/5\\\/2020\\\/01\\\/IMG-8697-300x225.jpg&quot;,&quot;id&quot;:&quot;6807&quot;,&quot;title&quot;:&quot;IMG-8697&quot;,&quot;alt&quot;:&quot;&quot;,&quot;caption&quot;:&quot;&quot;,&quot;itemprop&quot;:&quot;image&quot;},{&quot;src&quot;:&quot;https:\\\/\\\/cloud.alqueria.es\\\/wp-content\\\/uploads\\\/sites\\\/5\\\/2020\\\/01\\\/IMG-8700-300x225.jpg&quot;,&quot;id&quot;:&quot;6809&quot;,&quot;title&quot;:&quot;IMG-8700&quot;,&quot;alt&quot;:&quot;&quot;,&quot;caption&quot;:&quot;&quot;,&quot;itemprop&quot;:&quot;image&quot;},{&quot;src&quot;:&quot;https:\\\/\\\/cloud.alqueria.es\\\/wp-content\\\/uploads\\\/sites\\\/5\\\/2020\\\/01\\\/IMG-8703-300x225.jpg&quot;,&quot;id&quot;:&quot;6810&quot;,&quot;title&quot;:&quot;IMG-8703&quot;,&quot;alt&quot;:&quot;&quot;,&quot;caption&quot;:&quot;&quot;,&quot;itemprop&quot;:&quot;image&quot;},{&quot;src&quot;:&quot;https:\\\/\\\/cloud.alqueria.es\\\/wp-content\\\/uploads\\\/sites\\\/5\\\/2020\\\/01\\\/IMG-8693-300x225.jpg&quot;,&quot;id&quot;:&quot;6805&quot;,&quot;title&quot;:&quot;IMG-8693&quot;,&quot;alt&quot;:&quot;&quot;,&quot;caption&quot;:&quot;&quot;,&quot;itemprop&quot;:&quot;image&quot;},{&quot;src&quot;:&quot;https:\\\/\\\/cloud.alqueria.es\\\/wp-content\\\/uploads\\\/sites\\\/5\\\/2020\\\/01\\\/d3b64036-9a00-493a-b96d-df6f5ebca29f-225x300.jpg&quot;,&quot;id&quot;:&quot;6801&quot;,&quot;title&quot;:&quot;d3b64036-9a00-493a-b96d-df6f5ebca29f&quot;,&quot;alt&quot;:&quot;&quot;,&quot;caption&quot;:&quot;&quot;,&quot;itemprop&quot;:&quot;image&quot;}]\" itemscope itemtype=\"https:\/\/schema.org\/ImageGallery\"><\/div>\n<p>Agradecer a Diego, el pap\u00e1 de nuestra compa\u00f1era Elvira, que nos facilitara la visita y agradecer tambi\u00e9n la exquisita atenci\u00f3n que nos dispensaron los investigadores de Medina: Victor Gonz\u00e1lez, Carmen Ramos y\u00a0 Mercedes P\u00e9rez su atenci\u00f3n.<\/p>\n<p><a href=\"https:\/\/cloud.alqueria.es\/wp-content\/uploads\/sites\/5\/2020\/01\/IMG-8721.jpg\"><img decoding=\"async\" data-attachment-id=\"6814\" data-permalink=\"https:\/\/www.alqueria.es\/blogs\/colegioalqueriatercerciclo\/2020\/01\/24\/visita-a-la-fundacion-medina\/img-8721\/\" data-orig-file=\"https:\/\/cloud.alqueria.es\/wp-content\/uploads\/sites\/5\/2020\/01\/IMG-8721.jpg\" data-orig-size=\"504,378\" data-comments-opened=\"1\" data-image-meta=\"{&quot;aperture&quot;:&quot;1.8&quot;,&quot;credit&quot;:&quot;&quot;,&quot;camera&quot;:&quot;iPhone 7&quot;,&quot;caption&quot;:&quot;&quot;,&quot;created_timestamp&quot;:&quot;1579871253&quot;,&quot;copyright&quot;:&quot;&quot;,&quot;focal_length&quot;:&quot;3.99&quot;,&quot;iso&quot;:&quot;40&quot;,&quot;shutter_speed&quot;:&quot;0.05&quot;,&quot;title&quot;:&quot;&quot;,&quot;orientation&quot;:&quot;1&quot;}\" data-image-title=\"IMG-8721\" data-image-description=\"\" data-image-caption=\"\" data-large-file=\"https:\/\/cloud.alqueria.es\/wp-content\/uploads\/sites\/5\/2020\/01\/IMG-8721.jpg\" class=\"aligncenter size-medium wp-image-6814\" src=\"https:\/\/cloud.alqueria.es\/wp-content\/uploads\/sites\/5\/2020\/01\/IMG-8721.jpg\" alt=\"\" width=\"300\" height=\"225\" srcset=\"https:\/\/cloud.alqueria.es\/wp-content\/uploads\/sites\/5\/2020\/01\/IMG-8721.jpg 504w, https:\/\/cloud.alqueria.es\/wp-content\/uploads\/sites\/5\/2020\/01\/IMG-8721.jpg 300w\" sizes=\"(max-width: 300px) 100vw, 300px\" \/><\/a><\/p>\n<p>Con estas experiencias enriquecemos el proyecto educativo que reciben nuestros ni\u00f1os y ni\u00f1as. Seguro que en el futuro tenemos algunos y algunas cient\u00edficas en Alquer\u00eda Educaci\u00f3n.<\/p>\n<p>Isabel.<\/p>\n","protected":false},"excerpt":{"rendered":"<p>Hoy el grupo de sexto ha visitado\u00a0 el centro de la Fundaci\u00f3n Medina, un centro de investigaci\u00f3n situado en el Parque Tecnol\u00f3gico de la Salud (PTS), cuya misi\u00f3n se basa en \u00abel descubrimiento de mol\u00e9culas bioactivas, candidatos a f\u00e1rmacos y productos de alto valor biotecnol\u00f3gico para dar respuesta a necesidades m\u00e9dicas e industriales no cubiertas.\u00bb &hellip; <a href=\"https:\/\/www.alqueria.es\/blogs\/colegioalqueriatercerciclo\/2020\/01\/24\/visita-a-la-fundacion-medina\/\" class=\"more-link\">Seguir leyendo <span class=\"screen-reader-text\">Visita a la Fundaci\u00f3n Medina<\/span> <span class=\"meta-nav\">&rarr;<\/span><\/a><\/p>\n","protected":false},"author":9,"featured_media":0,"comment_status":"open","ping_status":"open","sticky":false,"template":"","format":"standard","meta":{"jetpack_post_was_ever_published":false,"_jetpack_newsletter_access":"","_jetpack_dont_email_post_to_subs":false,"_jetpack_newsletter_tier_id":0,"_jetpack_memberships_contains_paywalled_content":false,"_jetpack_memberships_contains_paid_content":false,"footnotes":"","jetpack_publicize_message":"","jetpack_publicize_feature_enabled":true,"jetpack_social_post_already_shared":true,"jetpack_social_options":{"image_generator_settings":{"template":"highway","default_image_id":0,"font":"","enabled":false},"version":2}},"categories":[3,13],"tags":[32,151,325,88],"class_list":["post-6800","post","type-post","status-publish","format-standard","hentry","category-6o-epo","category-salidas-6o","tag-conferencias","tag-fundacion-medina","tag-informacion-a-familias","tag-salidas"],"jetpack_publicize_connections":[],"jetpack_featured_media_url":"","jetpack_sharing_enabled":true,"jetpack_shortlink":"https:\/\/wp.me\/p4l4AW-1LG","jetpack-related-posts":[],"_links":{"self":[{"href":"https:\/\/www.alqueria.es\/blogs\/colegioalqueriatercerciclo\/wp-json\/wp\/v2\/posts\/6800","targetHints":{"allow":["GET"]}}],"collection":[{"href":"https:\/\/www.alqueria.es\/blogs\/colegioalqueriatercerciclo\/wp-json\/wp\/v2\/posts"}],"about":[{"href":"https:\/\/www.alqueria.es\/blogs\/colegioalqueriatercerciclo\/wp-json\/wp\/v2\/types\/post"}],"author":[{"embeddable":true,"href":"https:\/\/www.alqueria.es\/blogs\/colegioalqueriatercerciclo\/wp-json\/wp\/v2\/users\/9"}],"replies":[{"embeddable":true,"href":"https:\/\/www.alqueria.es\/blogs\/colegioalqueriatercerciclo\/wp-json\/wp\/v2\/comments?post=6800"}],"version-history":[{"count":2,"href":"https:\/\/www.alqueria.es\/blogs\/colegioalqueriatercerciclo\/wp-json\/wp\/v2\/posts\/6800\/revisions"}],"predecessor-version":[{"id":9300,"href":"https:\/\/www.alqueria.es\/blogs\/colegioalqueriatercerciclo\/wp-json\/wp\/v2\/posts\/6800\/revisions\/9300"}],"wp:attachment":[{"href":"https:\/\/www.alqueria.es\/blogs\/colegioalqueriatercerciclo\/wp-json\/wp\/v2\/media?parent=6800"}],"wp:term":[{"taxonomy":"category","embeddable":true,"href":"https:\/\/www.alqueria.es\/blogs\/colegioalqueriatercerciclo\/wp-json\/wp\/v2\/categories?post=6800"},{"taxonomy":"post_tag","embeddable":true,"href":"https:\/\/www.alqueria.es\/blogs\/colegioalqueriatercerciclo\/wp-json\/wp\/v2\/tags?post=6800"}],"curies":[{"name":"wp","href":"https:\/\/api.w.org\/{rel}","templated":true}]}}