{"id":6917,"date":"2020-02-19T08:05:07","date_gmt":"2020-02-19T07:05:07","guid":{"rendered":"http:\/\/www.alqueria.es\/blogs\/colegioalqueriatercerciclo\/?p=6917"},"modified":"2020-02-20T21:59:14","modified_gmt":"2020-02-20T20:59:14","slug":"semana-cultural-la-tierra-3","status":"publish","type":"post","link":"https:\/\/www.alqueria.es\/blogs\/colegioalqueriatercerciclo\/2020\/02\/19\/semana-cultural-la-tierra-3\/","title":{"rendered":"Semana Cultural: La Tierra #3"},"content":{"rendered":"<p>Esta ma\u00f1ana ha tenido lugar la conferencia preparada por Pepe y su hija Estela sobre la <strong>\u00abHistoria de las plantas de nuestro jard\u00edn\u00bb.\u00a0<\/strong> El tercer ciclo ha participado y ha conocido de primera mano cu\u00e1l es el origen del jard\u00edn de Alquer\u00eda, la diversidad de plantas que lo forman y le dan su aspecto singular, los lugares singulares o estancias del jard\u00edn que tienen similitudes con los griegos o romanos.<\/p>\n<p><img decoding=\"async\" data-attachment-id=\"6930\" data-permalink=\"https:\/\/www.alqueria.es\/blogs\/colegioalqueriatercerciclo\/2020\/02\/19\/semana-cultural-la-tierra-3\/20200219_102522\/\" data-orig-file=\"https:\/\/cloud.alqueria.es\/wp-content\/uploads\/sites\/5\/2020\/02\/20200219_102522.jpg\" data-orig-size=\"1024,576\" data-comments-opened=\"1\" data-image-meta=\"{&quot;aperture&quot;:&quot;0&quot;,&quot;credit&quot;:&quot;&quot;,&quot;camera&quot;:&quot;&quot;,&quot;caption&quot;:&quot;&quot;,&quot;created_timestamp&quot;:&quot;0&quot;,&quot;copyright&quot;:&quot;&quot;,&quot;focal_length&quot;:&quot;0&quot;,&quot;iso&quot;:&quot;0&quot;,&quot;shutter_speed&quot;:&quot;0&quot;,&quot;title&quot;:&quot;&quot;,&quot;orientation&quot;:&quot;0&quot;}\" data-image-title=\"20200219_102522\" data-image-description=\"\" data-image-caption=\"\" data-large-file=\"https:\/\/cloud.alqueria.es\/wp-content\/uploads\/sites\/5\/2020\/02\/20200219_102522-1024x576.jpg\" class=\"aligncenter size-full wp-image-6930\" src=\"https:\/\/cloud.alqueria.es\/wp-content\/uploads\/sites\/5\/2020\/02\/20200219_102522.jpg\" alt=\"\" width=\"1024\" height=\"576\" srcset=\"https:\/\/cloud.alqueria.es\/wp-content\/uploads\/sites\/5\/2020\/02\/20200219_102522.jpg 1024w, https:\/\/cloud.alqueria.es\/wp-content\/uploads\/sites\/5\/2020\/02\/20200219_102522.jpg 300w, https:\/\/cloud.alqueria.es\/wp-content\/uploads\/sites\/5\/2020\/02\/20200219_102522.jpg 768w\" sizes=\"(max-width: 1024px) 100vw, 1024px\" \/><\/p>\n<p>Como segunda actividad del d\u00eda, el grupo de sexto ha realizado el Taller visual\u00a0 sobre <strong>\u00abLos paisajes naturales del mundo\u00bb.<\/strong> Esta actividad consist\u00eda en elegir diferentes paisajes naturales, de cualquier parte de la Tierra y una vez elegido, investigar sobre la formaci\u00f3n de tal paisaje. Hemos conocido diferentes y maravillosos entornos naturales de la Tierra y donde cada paisaje se ha formado de diferentes maneras: movimiento de placas, erupciones volc\u00e1nicas, glaciaciones, cambios clim\u00e1ticos, aspectos singulares que dan la bacterias que habitan en ellos&#8230;<\/p>\n<p><a href=\"https:\/\/cloud.alqueria.es\/wp-content\/uploads\/sites\/5\/2020\/02\/IMG-9063.jpg\"><img decoding=\"async\" data-attachment-id=\"6918\" data-permalink=\"https:\/\/www.alqueria.es\/blogs\/colegioalqueriatercerciclo\/2020\/02\/19\/semana-cultural-la-tierra-3\/img-9063\/\" data-orig-file=\"https:\/\/cloud.alqueria.es\/wp-content\/uploads\/sites\/5\/2020\/02\/IMG-9063.jpg\" data-orig-size=\"504,378\" data-comments-opened=\"1\" data-image-meta=\"{&quot;aperture&quot;:&quot;1.8&quot;,&quot;credit&quot;:&quot;&quot;,&quot;camera&quot;:&quot;iPhone 7&quot;,&quot;caption&quot;:&quot;&quot;,&quot;created_timestamp&quot;:&quot;1582117901&quot;,&quot;copyright&quot;:&quot;&quot;,&quot;focal_length&quot;:&quot;3.99&quot;,&quot;iso&quot;:&quot;100&quot;,&quot;shutter_speed&quot;:&quot;0.2&quot;,&quot;title&quot;:&quot;&quot;,&quot;orientation&quot;:&quot;1&quot;}\" data-image-title=\"IMG-9063\" data-image-description=\"\" data-image-caption=\"\" data-large-file=\"https:\/\/cloud.alqueria.es\/wp-content\/uploads\/sites\/5\/2020\/02\/IMG-9063.jpg\" class=\"alignright size-medium wp-image-6918\" src=\"https:\/\/cloud.alqueria.es\/wp-content\/uploads\/sites\/5\/2020\/02\/IMG-9063.jpg\" alt=\"\" width=\"300\" height=\"225\" srcset=\"https:\/\/cloud.alqueria.es\/wp-content\/uploads\/sites\/5\/2020\/02\/IMG-9063.jpg 504w, https:\/\/cloud.alqueria.es\/wp-content\/uploads\/sites\/5\/2020\/02\/IMG-9063.jpg 300w\" sizes=\"(max-width: 300px) 100vw, 300px\" \/><\/a><\/p>\n<p>&nbsp;<\/p>\n<p>&nbsp;<\/p>\n<p>&nbsp;<\/p>\n<p>&nbsp;<\/p>\n<p>&nbsp;<\/p>\n<p>&nbsp;<\/p>\n<p><a href=\"http:\/\/[slideshare%20id=228632665&amp;doc=semanacultural-200219131425%5D\"><div class=\"a25-CTUOC-hidding-box\" data-original-content=\"&lt;iframe src=&quot;https:\/\/www.slideshare.net\/slideshow\/embed_code\/228632665&quot; width=&quot;474&quot; height=&quot;389&quot; sandbox=&quot;allow-popups allow-scripts allow-same-origin allow-presentation&quot; allowfullscreen webkitallowfullscreen mozallowfullscreen&gt;&lt;\/iframe&gt;\">Esta p\u00e1gina incluye contenido multimedia que requiere aceptar todas las cookies. Pulse aqu\u00ed para abrir la configuraci\u00f3n de cookies.<\/div><\/a><\/p>\n<p>Adem\u00e1s, el grupo de quinto realiza su taller de CODE con tablet y visita la exposici\u00f3n de los relieves y paisajes naturales del tercer ciclo y expuestas en los tablones del aulario. Trasplantamos el ficus<\/p>\n<p>que nos cedi\u00f3 David R. con el objetivo de darle los cuidados necesarios para que crezca al ritmo adecuado y natural tras la enfermedad que estaba pasando la planta. \u00a1La mimaremos siguiendo los consejos que nos dio David!<\/p>\n<p class=\"jetpack-slideshow-noscript robots-nocontent\">El pase de diapositivas requiere JavaScript.<\/p><div id=\"gallery-6917-1-slideshow\" class=\"jetpack-slideshow-window jetpack-slideshow jetpack-slideshow-black\" data-trans=\"fade\" data-autostart=\"1\" data-gallery=\"[{&quot;src&quot;:&quot;https:\\\/\\\/cloud.alqueria.es\\\/wp-content\\\/uploads\\\/sites\\\/5\\\/2020\\\/02\\\/20200219_104227.jpg&quot;,&quot;id&quot;:&quot;6934&quot;,&quot;title&quot;:&quot;20200219_104227&quot;,&quot;alt&quot;:&quot;&quot;,&quot;caption&quot;:&quot;&quot;,&quot;itemprop&quot;:&quot;image&quot;},{&quot;src&quot;:&quot;https:\\\/\\\/cloud.alqueria.es\\\/wp-content\\\/uploads\\\/sites\\\/5\\\/2020\\\/02\\\/20200219_104248.jpg&quot;,&quot;id&quot;:&quot;6935&quot;,&quot;title&quot;:&quot;20200219_104248&quot;,&quot;alt&quot;:&quot;&quot;,&quot;caption&quot;:&quot;&quot;,&quot;itemprop&quot;:&quot;image&quot;},{&quot;src&quot;:&quot;https:\\\/\\\/cloud.alqueria.es\\\/wp-content\\\/uploads\\\/sites\\\/5\\\/2020\\\/02\\\/20200219_104303.jpg&quot;,&quot;id&quot;:&quot;6936&quot;,&quot;title&quot;:&quot;20200219_104303&quot;,&quot;alt&quot;:&quot;&quot;,&quot;caption&quot;:&quot;&quot;,&quot;itemprop&quot;:&quot;image&quot;},{&quot;src&quot;:&quot;https:\\\/\\\/cloud.alqueria.es\\\/wp-content\\\/uploads\\\/sites\\\/5\\\/2020\\\/02\\\/20200219_104429.jpg&quot;,&quot;id&quot;:&quot;6937&quot;,&quot;title&quot;:&quot;20200219_104429&quot;,&quot;alt&quot;:&quot;&quot;,&quot;caption&quot;:&quot;&quot;,&quot;itemprop&quot;:&quot;image&quot;},{&quot;src&quot;:&quot;https:\\\/\\\/cloud.alqueria.es\\\/wp-content\\\/uploads\\\/sites\\\/5\\\/2020\\\/02\\\/20200219_104558.jpg&quot;,&quot;id&quot;:&quot;6938&quot;,&quot;title&quot;:&quot;20200219_104558&quot;,&quot;alt&quot;:&quot;&quot;,&quot;caption&quot;:&quot;&quot;,&quot;itemprop&quot;:&quot;image&quot;}]\" itemscope itemtype=\"https:\/\/schema.org\/ImageGallery\"><\/div>\n<p>Terminamos el d\u00eda con un <strong>\u00abConcierto did\u00e1ctico\u00bb<\/strong>realizado por algunas familias de nuestro Proyecto Educativo:<\/p>\n<ul>\n<li>Jaume E, acompa\u00f1ado de un violinista, Alexis A. \u00abM\u00fasica del Mundo\u201d, Esperanza C. aporta su voz para completar la colaboraci\u00f3n.<\/li>\n<\/ul>\n<audio class=\"wp-audio-shortcode\" id=\"audio-6917-1\" preload=\"none\" style=\"width: 100%;\" controls=\"controls\"><source type=\"audio\/mpeg\" src=\"https:\/\/cloud.alqueria.es\/wp-content\/uploads\/sites\/5\/2020\/02\/Camino-de-Purchil-24.m4a?_=1\" \/><a href=\"https:\/\/cloud.alqueria.es\/wp-content\/uploads\/sites\/5\/2020\/02\/Camino-de-Purchil-24.m4a\">https:\/\/cloud.alqueria.es\/wp-content\/uploads\/sites\/5\/2020\/02\/Camino-de-Purchil-24.m4a<\/a><\/audio>\n<ul>\n<li>Mikel Pl. M\u00fasica inglesa e irlandesa de los colonizadores de Estados Unidos.<\/li>\n<\/ul>\n<audio class=\"wp-audio-shortcode\" id=\"audio-6917-2\" preload=\"none\" style=\"width: 100%;\" controls=\"controls\"><source type=\"audio\/mpeg\" src=\"https:\/\/cloud.alqueria.es\/wp-content\/uploads\/sites\/5\/2020\/02\/Camino-de-Purchil-29.m4a?_=2\" \/><a href=\"https:\/\/cloud.alqueria.es\/wp-content\/uploads\/sites\/5\/2020\/02\/Camino-de-Purchil-29.m4a\">https:\/\/cloud.alqueria.es\/wp-content\/uploads\/sites\/5\/2020\/02\/Camino-de-Purchil-29.m4a<\/a><\/audio>\n<ul>\n<li>Miguel R. Trompeta con fragmentos de Jazz.<\/li>\n<\/ul>\n<audio class=\"wp-audio-shortcode\" id=\"audio-6917-3\" preload=\"none\" style=\"width: 100%;\" controls=\"controls\"><source type=\"audio\/mpeg\" src=\"https:\/\/cloud.alqueria.es\/wp-content\/uploads\/sites\/5\/2020\/02\/Camino-de-Purchil-34.m4a?_=3\" \/><a href=\"https:\/\/cloud.alqueria.es\/wp-content\/uploads\/sites\/5\/2020\/02\/Camino-de-Purchil-34.m4a\">https:\/\/cloud.alqueria.es\/wp-content\/uploads\/sites\/5\/2020\/02\/Camino-de-Purchil-34.m4a<\/a><\/audio>\n<p class=\"jetpack-slideshow-noscript robots-nocontent\">El pase de diapositivas requiere JavaScript.<\/p><div id=\"gallery-6917-2-slideshow\" class=\"jetpack-slideshow-window jetpack-slideshow jetpack-slideshow-black\" data-trans=\"fade\" data-autostart=\"1\" data-gallery=\"[{&quot;src&quot;:&quot;https:\\\/\\\/cloud.alqueria.es\\\/wp-content\\\/uploads\\\/sites\\\/5\\\/2020\\\/02\\\/DSC03311.jpg&quot;,&quot;id&quot;:&quot;6924&quot;,&quot;title&quot;:&quot;DSC03311&quot;,&quot;alt&quot;:&quot;&quot;,&quot;caption&quot;:&quot;&quot;,&quot;itemprop&quot;:&quot;image&quot;},{&quot;src&quot;:&quot;https:\\\/\\\/cloud.alqueria.es\\\/wp-content\\\/uploads\\\/sites\\\/5\\\/2020\\\/02\\\/DSC03312.jpg&quot;,&quot;id&quot;:&quot;6925&quot;,&quot;title&quot;:&quot;DSC03312&quot;,&quot;alt&quot;:&quot;&quot;,&quot;caption&quot;:&quot;&quot;,&quot;itemprop&quot;:&quot;image&quot;},{&quot;src&quot;:&quot;https:\\\/\\\/cloud.alqueria.es\\\/wp-content\\\/uploads\\\/sites\\\/5\\\/2020\\\/02\\\/DSC03313.jpg&quot;,&quot;id&quot;:&quot;6926&quot;,&quot;title&quot;:&quot;DSC03313&quot;,&quot;alt&quot;:&quot;&quot;,&quot;caption&quot;:&quot;&quot;,&quot;itemprop&quot;:&quot;image&quot;},{&quot;src&quot;:&quot;https:\\\/\\\/cloud.alqueria.es\\\/wp-content\\\/uploads\\\/sites\\\/5\\\/2020\\\/02\\\/20200219_161034.jpg&quot;,&quot;id&quot;:&quot;6931&quot;,&quot;title&quot;:&quot;20200219_161034&quot;,&quot;alt&quot;:&quot;&quot;,&quot;caption&quot;:&quot;&quot;,&quot;itemprop&quot;:&quot;image&quot;},{&quot;src&quot;:&quot;https:\\\/\\\/cloud.alqueria.es\\\/wp-content\\\/uploads\\\/sites\\\/5\\\/2020\\\/02\\\/20200219_163612.jpg&quot;,&quot;id&quot;:&quot;6932&quot;,&quot;title&quot;:&quot;20200219_163612&quot;,&quot;alt&quot;:&quot;&quot;,&quot;caption&quot;:&quot;&quot;,&quot;itemprop&quot;:&quot;image&quot;},{&quot;src&quot;:&quot;https:\\\/\\\/cloud.alqueria.es\\\/wp-content\\\/uploads\\\/sites\\\/5\\\/2020\\\/02\\\/20200219_164325.jpg&quot;,&quot;id&quot;:&quot;6933&quot;,&quot;title&quot;:&quot;20200219_164325&quot;,&quot;alt&quot;:&quot;&quot;,&quot;caption&quot;:&quot;&quot;,&quot;itemprop&quot;:&quot;image&quot;}]\" itemscope itemtype=\"https:\/\/schema.org\/ImageGallery\"><\/div>\n<p>Agradecemos su implicaci\u00f3n y colaboraci\u00f3n en todas nuestras actividades.<\/p>\n","protected":false},"excerpt":{"rendered":"<p>Esta ma\u00f1ana ha tenido lugar la conferencia preparada por Pepe y su hija Estela sobre la \u00abHistoria de las plantas de nuestro jard\u00edn\u00bb.\u00a0 El tercer ciclo ha participado y ha conocido de primera mano cu\u00e1l es el origen del jard\u00edn de Alquer\u00eda, la diversidad de plantas que lo forman y le dan su aspecto singular, &hellip; <a href=\"https:\/\/www.alqueria.es\/blogs\/colegioalqueriatercerciclo\/2020\/02\/19\/semana-cultural-la-tierra-3\/\" class=\"more-link\">Seguir leyendo <span class=\"screen-reader-text\">Semana Cultural: La Tierra #3<\/span> <span class=\"meta-nav\">&rarr;<\/span><\/a><\/p>\n","protected":false},"author":9,"featured_media":0,"comment_status":"open","ping_status":"open","sticky":false,"template":"","format":"standard","meta":{"jetpack_post_was_ever_published":false,"_jetpack_newsletter_access":"","_jetpack_dont_email_post_to_subs":false,"_jetpack_newsletter_tier_id":0,"_jetpack_memberships_contains_paywalled_content":false,"_jetpack_memberships_contains_paid_content":false,"footnotes":"","jetpack_publicize_message":"","jetpack_publicize_feature_enabled":true,"jetpack_social_post_already_shared":true,"jetpack_social_options":{"image_generator_settings":{"template":"highway","default_image_id":0,"font":"","enabled":false},"version":2}},"categories":[2,3,476],"tags":[419,32,325,56,484,478],"class_list":["post-6917","post","type-post","status-publish","format-standard","hentry","category-5o-epo","category-6o-epo","category-semana-cultural-la-tierra","tag-concierto","tag-conferencias","tag-informacion-a-familias","tag-investigacion","tag-semana-cultural-2020","tag-semana-cultural-la-tierra"],"jetpack_publicize_connections":[],"jetpack_featured_media_url":"","jetpack_sharing_enabled":true,"jetpack_shortlink":"https:\/\/wp.me\/p4l4AW-1Nz","jetpack-related-posts":[],"_links":{"self":[{"href":"https:\/\/www.alqueria.es\/blogs\/colegioalqueriatercerciclo\/wp-json\/wp\/v2\/posts\/6917","targetHints":{"allow":["GET"]}}],"collection":[{"href":"https:\/\/www.alqueria.es\/blogs\/colegioalqueriatercerciclo\/wp-json\/wp\/v2\/posts"}],"about":[{"href":"https:\/\/www.alqueria.es\/blogs\/colegioalqueriatercerciclo\/wp-json\/wp\/v2\/types\/post"}],"author":[{"embeddable":true,"href":"https:\/\/www.alqueria.es\/blogs\/colegioalqueriatercerciclo\/wp-json\/wp\/v2\/users\/9"}],"replies":[{"embeddable":true,"href":"https:\/\/www.alqueria.es\/blogs\/colegioalqueriatercerciclo\/wp-json\/wp\/v2\/comments?post=6917"}],"version-history":[{"count":9,"href":"https:\/\/www.alqueria.es\/blogs\/colegioalqueriatercerciclo\/wp-json\/wp\/v2\/posts\/6917\/revisions"}],"predecessor-version":[{"id":9301,"href":"https:\/\/www.alqueria.es\/blogs\/colegioalqueriatercerciclo\/wp-json\/wp\/v2\/posts\/6917\/revisions\/9301"}],"wp:attachment":[{"href":"https:\/\/www.alqueria.es\/blogs\/colegioalqueriatercerciclo\/wp-json\/wp\/v2\/media?parent=6917"}],"wp:term":[{"taxonomy":"category","embeddable":true,"href":"https:\/\/www.alqueria.es\/blogs\/colegioalqueriatercerciclo\/wp-json\/wp\/v2\/categories?post=6917"},{"taxonomy":"post_tag","embeddable":true,"href":"https:\/\/www.alqueria.es\/blogs\/colegioalqueriatercerciclo\/wp-json\/wp\/v2\/tags?post=6917"}],"curies":[{"name":"wp","href":"https:\/\/api.w.org\/{rel}","templated":true}]}}