{"id":7401,"date":"2020-04-24T14:07:04","date_gmt":"2020-04-24T12:07:04","guid":{"rendered":"http:\/\/www.alqueria.es\/blogs\/colegioalqueriatercerciclo\/?p=7401"},"modified":"2020-04-24T14:07:04","modified_gmt":"2020-04-24T12:07:04","slug":"24-de-abril-en-5o-epo","status":"publish","type":"post","link":"https:\/\/www.alqueria.es\/blogs\/colegioalqueriatercerciclo\/2020\/04\/24\/24-de-abril-en-5o-epo\/","title":{"rendered":"24 de abril en 5\u00ba EPO"},"content":{"rendered":"<p>Estimadas familias.<\/p>\n<p>Durante esta semana hemos seguido compartiendo momentos de charla, conferencias, exposiciones y clase dedicando gran parte del tiempo al D\u00eda del Libro generando algunas ideas.<\/p>\n<p>Las clases se han desarrollado seg\u00fan lo previsto, son respetuosos con el turno de palabra, la escucha activa y al compa\u00f1ero, puntuales en el inicio y trabajadores en general haciendo llegar sus dudas y resolviendo los planteamientos que les ofrezco.<\/p>\n<p>El lunes continuaremos las sesiones con una conferencia de Egipto a cargo de Jose U. y comentaremos este corto sobre los libros y la lectura m\u00e1s otro que les puse en edmodo para trabajar las emociones.<\/p>\n<p><span class=\"embed-youtube\" style=\"text-align:center; display: block;\"><div class=\"a25-CTUOC-hidding-box\" data-original-content=\"&lt;iframe loading=&quot;lazy&quot; class=&quot;youtube-player&quot; width=&quot;474&quot; height=&quot;267&quot; src=&quot;https:\/\/www.youtube.com\/embed\/ulDuuqXqLzI?version=3&amp;#038;rel=1&amp;#038;showsearch=0&amp;#038;showinfo=1&amp;#038;iv_load_policy=1&amp;#038;fs=1&amp;#038;hl=es-ES&amp;#038;autohide=2&amp;#038;wmode=transparent&quot; allowfullscreen=&quot;true&quot; style=&quot;border:0;&quot; sandbox=&quot;allow-scripts allow-same-origin allow-popups allow-presentation allow-popups-to-escape-sandbox&quot;&gt;&lt;\/iframe&gt;\">Esta p\u00e1gina incluye contenido multimedia que requiere aceptar todas las cookies. Pulse aqu\u00ed para abrir la configuraci\u00f3n de cookies.<\/div><\/span><\/p>\n<p>Para celebrar el D\u00eda del libro, hemos dedicado toda la semana a perfilar las tareas que ten\u00edamos comenzadas y algunas otras que hemos elaborado en estos d\u00edas:<\/p>\n<ul>\n<li>Publicar los <strong>carteles \u00abSe busca&#8230;\u00bb<\/strong> de los personajes malos de los cuentos.<\/li>\n<li>Taller de escritura del <strong>astronauta<\/strong>.<\/li>\n<li><strong>Cuentos tradicionales<\/strong> donde han cambiado el final dando un desenlace distinto, o han cambiado el rol de los personajes, los malvados ahora son los buenos. Todos han quedado muy bien pero cabe destacar la originalidad del texto de Maya, no os lo perd\u00e1is.<\/li>\n<li>Compartimos con el grupo <strong>\u00abnuestro libro favorito\u00bb<\/strong> creando una ficha donde reflejan datos del autor, resumen del libro, otros t\u00edtulos conocidos y breve biograf\u00eda.<\/li>\n<li>Escribir una <strong>carta a un escritor<\/strong> con un mensaje cont\u00e1ndoles lo que les gusta un libro en concreto, un personaje o agradecimiento. Las haremos llegar en los pr\u00f3ximos d\u00edas por v\u00eda digital (en los casos que sea posible).<\/li>\n<\/ul>\n<p>Estas creaciones las pod\u00e9is ver en el <a href=\"https:\/\/www.alqueria.es\/blogs\/alqueriatercerciclo\/tag\/mes-del-libro\/\">blog del alumnado del tercer ciclo<\/a>. Las dos \u00faltimas las ir\u00e9 subiendo poco a poco al blog en cuanto est\u00e9n revisadas y entregadas por el grupo.<\/p>\n<p><a href=\"https:\/\/www.alqueria.es\/blogs\/alqueriatercerciclo\/tag\/mes-del-libro\/\" target=\"_blank\" rel=\"noopener noreferrer\"><img decoding=\"async\" data-attachment-id=\"7331\" data-permalink=\"https:\/\/www.alqueria.es\/blogs\/colegioalqueriatercerciclo\/2020\/04\/08\/8-de-abril-en-5o-epo\/blog-alumnado\/\" data-orig-file=\"https:\/\/cloud.alqueria.es\/wp-content\/uploads\/sites\/5\/2020\/04\/blog-alumnado.jpg\" data-orig-size=\"1024,233\" data-comments-opened=\"1\" data-image-meta=\"{&quot;aperture&quot;:&quot;0&quot;,&quot;credit&quot;:&quot;rejue_000&quot;,&quot;camera&quot;:&quot;&quot;,&quot;caption&quot;:&quot;&quot;,&quot;created_timestamp&quot;:&quot;1586288525&quot;,&quot;copyright&quot;:&quot;&quot;,&quot;focal_length&quot;:&quot;0&quot;,&quot;iso&quot;:&quot;0&quot;,&quot;shutter_speed&quot;:&quot;0&quot;,&quot;title&quot;:&quot;&quot;,&quot;orientation&quot;:&quot;0&quot;}\" data-image-title=\"blog alumnado\" data-image-description=\"\" data-image-caption=\"\" data-large-file=\"https:\/\/cloud.alqueria.es\/wp-content\/uploads\/sites\/5\/2020\/04\/blog-alumnado-1024x233.jpg\" class=\"aligncenter wp-image-7331 size-large\" src=\"https:\/\/cloud.alqueria.es\/wp-content\/uploads\/sites\/5\/2020\/04\/blog-alumnado.jpg\" alt=\"\" width=\"474\" height=\"108\" srcset=\"https:\/\/cloud.alqueria.es\/wp-content\/uploads\/sites\/5\/2020\/04\/blog-alumnado.jpg 1024w, https:\/\/cloud.alqueria.es\/wp-content\/uploads\/sites\/5\/2020\/04\/blog-alumnado.jpg 300w, https:\/\/cloud.alqueria.es\/wp-content\/uploads\/sites\/5\/2020\/04\/blog-alumnado.jpg 768w\" sizes=\"(max-width: 474px) 100vw, 474px\" \/><\/a><\/p>\n<p>Para seguir fomentando la cultura y creatividad art\u00edstica, en este Genially hay diferentes ideas para que pinten o dibujen, escriban, lean, imaginen, canten, bailen, jueguen y aprendan. Se pueden ver obras de arte en 3D, leer cuentos, cantar y bailar y conocer las obras del artista espa\u00f1ol Okuda San Miguel, muy peculiares.<\/p>\n<figure id=\"attachment_7411\" aria-describedby=\"caption-attachment-7411\" style=\"width: 474px\" class=\"wp-caption aligncenter\"><a href=\"https:\/\/view.genial.ly\/5e89b83b260c290e39ae0695\" target=\"_blank\" rel=\"noopener noreferrer\"><img decoding=\"async\" data-attachment-id=\"7411\" data-permalink=\"https:\/\/www.alqueria.es\/blogs\/colegioalqueriatercerciclo\/2020\/04\/24\/24-de-abril-en-5o-epo\/captura-73\/\" data-orig-file=\"https:\/\/cloud.alqueria.es\/wp-content\/uploads\/sites\/5\/2020\/04\/Captura14.jpg\" data-orig-size=\"1024,466\" data-comments-opened=\"1\" data-image-meta=\"{&quot;aperture&quot;:&quot;0&quot;,&quot;credit&quot;:&quot;rejue_000&quot;,&quot;camera&quot;:&quot;&quot;,&quot;caption&quot;:&quot;&quot;,&quot;created_timestamp&quot;:&quot;1587723745&quot;,&quot;copyright&quot;:&quot;&quot;,&quot;focal_length&quot;:&quot;0&quot;,&quot;iso&quot;:&quot;0&quot;,&quot;shutter_speed&quot;:&quot;0&quot;,&quot;title&quot;:&quot;&quot;,&quot;orientation&quot;:&quot;0&quot;}\" data-image-title=\"Captura\" data-image-description=\"\" data-image-caption=\"\" data-large-file=\"https:\/\/cloud.alqueria.es\/wp-content\/uploads\/sites\/5\/2020\/04\/Captura14-1024x466.jpg\" class=\"wp-image-7411 size-large\" src=\"https:\/\/cloud.alqueria.es\/wp-content\/uploads\/sites\/5\/2020\/04\/Captura14.jpg\" alt=\"\" width=\"474\" height=\"216\" srcset=\"https:\/\/cloud.alqueria.es\/wp-content\/uploads\/sites\/5\/2020\/04\/Captura14.jpg 1024w, https:\/\/cloud.alqueria.es\/wp-content\/uploads\/sites\/5\/2020\/04\/Captura14.jpg 300w, https:\/\/cloud.alqueria.es\/wp-content\/uploads\/sites\/5\/2020\/04\/Captura14.jpg 768w\" sizes=\"(max-width: 474px) 100vw, 474px\" \/><\/a><figcaption id=\"caption-attachment-7411\" class=\"wp-caption-text\">Fuente: Manuel Velasco<\/figcaption><\/figure>\n<p>En esta p\u00e1gina pod\u00e9is encontrar manualidades muy originales para todas las edades y realizar con objetos de pl\u00e1stico, cart\u00f3n, papel, pinzas&#8230; y as\u00ed dar salida a la parte creativa de una manera f\u00e1cil. Aunque seguro que andan inventando cada d\u00eda en casa.<\/p>\n<p><a href=\"https:\/\/www.pequeocio.com\/manualidades-infantiles\/\" target=\"_blank\" rel=\"noopener noreferrer\"><img decoding=\"async\" data-attachment-id=\"7413\" data-permalink=\"https:\/\/www.alqueria.es\/blogs\/colegioalqueriatercerciclo\/2020\/04\/24\/24-de-abril-en-5o-epo\/captura-74\/\" data-orig-file=\"https:\/\/cloud.alqueria.es\/wp-content\/uploads\/sites\/5\/2020\/04\/Captura15.jpg\" data-orig-size=\"776,533\" data-comments-opened=\"1\" data-image-meta=\"{&quot;aperture&quot;:&quot;0&quot;,&quot;credit&quot;:&quot;rejue_000&quot;,&quot;camera&quot;:&quot;&quot;,&quot;caption&quot;:&quot;&quot;,&quot;created_timestamp&quot;:&quot;1587723825&quot;,&quot;copyright&quot;:&quot;&quot;,&quot;focal_length&quot;:&quot;0&quot;,&quot;iso&quot;:&quot;0&quot;,&quot;shutter_speed&quot;:&quot;0&quot;,&quot;title&quot;:&quot;&quot;,&quot;orientation&quot;:&quot;0&quot;}\" data-image-title=\"Captura\" data-image-description=\"\" data-image-caption=\"\" data-large-file=\"https:\/\/cloud.alqueria.es\/wp-content\/uploads\/sites\/5\/2020\/04\/Captura15.jpg\" class=\"aligncenter wp-image-7413 size-full\" src=\"https:\/\/cloud.alqueria.es\/wp-content\/uploads\/sites\/5\/2020\/04\/Captura15.jpg\" alt=\"\" width=\"776\" height=\"533\" srcset=\"https:\/\/cloud.alqueria.es\/wp-content\/uploads\/sites\/5\/2020\/04\/Captura15.jpg 776w, https:\/\/cloud.alqueria.es\/wp-content\/uploads\/sites\/5\/2020\/04\/Captura15.jpg 300w, https:\/\/cloud.alqueria.es\/wp-content\/uploads\/sites\/5\/2020\/04\/Captura15.jpg 768w\" sizes=\"(max-width: 776px) 100vw, 776px\" \/><\/a><\/p>\n<p>Este fin de semana toca hacer pan casero, Nico dej\u00f3 una receta personalizada en edmodo para elaborarlo. Sencillo y con levadura, tan dif\u00edcil de encontrar.<\/p>\n<p>Espero que pas\u00e9is un buen fin de semana y sig\u00e1is igual de bien, volvemos a la carga el lunes.<\/p>\n<p>Saludos.<\/p>\n<p>Jorge<\/p>\n","protected":false},"excerpt":{"rendered":"<p>Estimadas familias. Durante esta semana hemos seguido compartiendo momentos de charla, conferencias, exposiciones y clase dedicando gran parte del tiempo al D\u00eda del Libro generando algunas ideas. Las clases se han desarrollado seg\u00fan lo previsto, son respetuosos con el turno de palabra, la escucha activa y al compa\u00f1ero, puntuales en el inicio y trabajadores en &hellip; <a href=\"https:\/\/www.alqueria.es\/blogs\/colegioalqueriatercerciclo\/2020\/04\/24\/24-de-abril-en-5o-epo\/\" class=\"more-link\">Seguir leyendo <span class=\"screen-reader-text\">24 de abril en 5\u00ba EPO<\/span> <span class=\"meta-nav\">&rarr;<\/span><\/a><\/p>\n","protected":false},"author":3,"featured_media":0,"comment_status":"open","ping_status":"open","sticky":false,"template":"","format":"standard","meta":{"jetpack_post_was_ever_published":false,"_jetpack_newsletter_access":"","_jetpack_dont_email_post_to_subs":false,"_jetpack_newsletter_tier_id":0,"_jetpack_memberships_contains_paywalled_content":false,"_jetpack_memberships_contains_paid_content":false,"footnotes":"","jetpack_publicize_message":"","jetpack_publicize_feature_enabled":true,"jetpack_social_post_already_shared":true,"jetpack_social_options":{"image_generator_settings":{"template":"highway","default_image_id":0,"font":"","enabled":false},"version":2}},"categories":[2,14],"tags":[179],"class_list":["post-7401","post","type-post","status-publish","format-standard","hentry","category-5o-epo","category-semanario-5o","tag-semanario-5o"],"jetpack_publicize_connections":[],"jetpack_featured_media_url":"","jetpack_sharing_enabled":true,"jetpack_shortlink":"https:\/\/wp.me\/p4l4AW-1Vn","jetpack-related-posts":[],"_links":{"self":[{"href":"https:\/\/www.alqueria.es\/blogs\/colegioalqueriatercerciclo\/wp-json\/wp\/v2\/posts\/7401","targetHints":{"allow":["GET"]}}],"collection":[{"href":"https:\/\/www.alqueria.es\/blogs\/colegioalqueriatercerciclo\/wp-json\/wp\/v2\/posts"}],"about":[{"href":"https:\/\/www.alqueria.es\/blogs\/colegioalqueriatercerciclo\/wp-json\/wp\/v2\/types\/post"}],"author":[{"embeddable":true,"href":"https:\/\/www.alqueria.es\/blogs\/colegioalqueriatercerciclo\/wp-json\/wp\/v2\/users\/3"}],"replies":[{"embeddable":true,"href":"https:\/\/www.alqueria.es\/blogs\/colegioalqueriatercerciclo\/wp-json\/wp\/v2\/comments?post=7401"}],"version-history":[{"count":7,"href":"https:\/\/www.alqueria.es\/blogs\/colegioalqueriatercerciclo\/wp-json\/wp\/v2\/posts\/7401\/revisions"}],"predecessor-version":[{"id":7418,"href":"https:\/\/www.alqueria.es\/blogs\/colegioalqueriatercerciclo\/wp-json\/wp\/v2\/posts\/7401\/revisions\/7418"}],"wp:attachment":[{"href":"https:\/\/www.alqueria.es\/blogs\/colegioalqueriatercerciclo\/wp-json\/wp\/v2\/media?parent=7401"}],"wp:term":[{"taxonomy":"category","embeddable":true,"href":"https:\/\/www.alqueria.es\/blogs\/colegioalqueriatercerciclo\/wp-json\/wp\/v2\/categories?post=7401"},{"taxonomy":"post_tag","embeddable":true,"href":"https:\/\/www.alqueria.es\/blogs\/colegioalqueriatercerciclo\/wp-json\/wp\/v2\/tags?post=7401"}],"curies":[{"name":"wp","href":"https:\/\/api.w.org\/{rel}","templated":true}]}}