{"id":7524,"date":"2020-05-18T11:49:37","date_gmt":"2020-05-18T09:49:37","guid":{"rendered":"http:\/\/www.alqueria.es\/blogs\/colegioalqueriatercerciclo\/?p=7524"},"modified":"2020-05-18T11:49:37","modified_gmt":"2020-05-18T09:49:37","slug":"radio-escolar-online","status":"publish","type":"post","link":"https:\/\/www.alqueria.es\/blogs\/colegioalqueriatercerciclo\/2020\/05\/18\/radio-escolar-online\/","title":{"rendered":"Radio escolar online"},"content":{"rendered":"<p>La creaci\u00f3n de una radio escolar en formato podcast tiene la\u00a0 finalidad de establecer relaciones entre el alumnado, la radio y las nuevas tecnolog\u00edas. Con ello se trabajan diferentes aspectos del \u00e1rea de Lengua primando la expresi\u00f3n oral y escrita para informar, formar, entretener o dar a conocer una experiencia personal.<\/p>\n<p>Con ello tambi\u00e9n se pretende favorecer y perfeccionar la vocalizaci\u00f3n de nuestro alumnado y el fomento de la comprensi\u00f3n lectora. As\u00ed, aprender\u00e1n a organizarse, escuchar, expresarse y comunicar.<\/p>\n<p>Por ello, qu\u00e9 mejor manera de desarrollar un proyecto de trabajo enfocado hacia el \u00e1rea de Lengua y en estos momentos haciendo sesiones de trabajo m\u00e1s atractivas para el alumnado y as\u00ed conseguir algunos objetivos curriculares.<\/p>\n<p>En estas semanas de clases online, se nos ocurri\u00f3 la idea de rescatar el proyecto de la cooperativa y radio escolar de hace cuatro a\u00f1os. Para la puesta en marcha en esta ocasi\u00f3n, suger\u00ed a la clase de quinto que pensara sobre alg\u00fan tema para poder contar al mundo. Surgieron diferentes ideas como podr\u00e9is escuchar en el podcast. Para hacer la grabaci\u00f3n a distancia, deb\u00edan elaborar un gui\u00f3n para poder narrar, practicar y ensayar antes de grabar, encontrar un lugar de la casa donde no hubiera ruidos y grabar el audio con cualquier dispositivo m\u00f3vil sin acercarlo demasiado a la cara. Con todos esos audios recibidos, comenz\u00f3 el montaje del programa de radio editando cada pista con una base sonora de fondo localizada en Youtube y de libre uso (como a\u00f1ado al final de esta entrada). El resultado fue este:<\/p>\n<p style=\"text-align: center\">\n<div class=\"a25-CTUOC-hidding-box\" data-original-content=\"&lt;iframe loading=&quot;lazy&quot; width=&quot;100%&quot; height=&quot;166&quot; scrolling=&quot;no&quot; frameborder=&quot;no&quot; src=&quot;https:\/\/w.soundcloud.com\/player\/?url=https%3A%2F%2Fapi.soundcloud.com%2Ftracks%2F822882571&amp;auto_play=false&amp;hide_related=false&amp;visual=false&amp;show_comments=true&amp;show_user=true&amp;show_reposts=false&amp;color=8a0a85&quot;&gt;&lt;\/iframe&gt;\">Esta p\u00e1gina incluye contenido multimedia que requiere aceptar todas las cookies. Pulse aqu\u00ed para abrir la configuraci\u00f3n de cookies.<\/div>\n<p>Objetivos curriculares que se fomentan y trabajan en este proyecto:<\/p>\n<ul>\n<li>Crear una emisora a trav\u00e9s de Internet a trav\u00e9s de audios grabados con dispositivos moviles generando un podcast.<\/li>\n<li>Favorecer e integrar las Nuevas Tecnolog\u00edas de la Informaci\u00f3n y Comunicaci\u00f3n (TIC) como recurso educativo.<\/li>\n<li>Trabajar e integrar las diferentes \u00e1reas del curr\u00edculo escolar de manera globalizada desarrollando\u00a0 diferentes competencias b\u00e1sicas.<\/li>\n<li>Desarrollar un modelo de aprendizaje activo, cr\u00edtico y solidario.<\/li>\n<li>Favorecer el trabajo cooperativo entre los integrantes de la clase.<\/li>\n<li>Crear v\u00edas de expresi\u00f3n y de comunicaci\u00f3n para nuestro alumnado para defender sus criterios.<\/li>\n<li>Mejorar la producci\u00f3n oral y escrita como medio de comunicaci\u00f3n.<\/li>\n<li>Producir correctamente mensajes orales, expresar su espontaneidad comunicativa y ser protagonistas en este proyecto.<\/li>\n<li>Desarrollar la creatividad en el proceso de generaci\u00f3n de los programas.<\/li>\n<\/ul>\n<p>El proyecto de la cooperativa y la radio escolar surgi\u00f3 hace cuatro a\u00f1os cuando tras la visita a la Cooperativa almazara \u00abSan Isidro\u00bb de Loja nos contaron su funcionamiento. Desde ah\u00ed, nos pusimos en marcha para crear una Sociedad Cooperativa informativa en clase con todos sus cargos: nos informamos, formamos con todos los miembros de la cooperativa de nuestro Colegio Alquer\u00eda, se presentaron candidaturas, elegimos un consejo rector por votaci\u00f3n, elaboramos un logo que nos identificara para dar comienzo a nuestra Sociedad Cooperativa que derivar\u00eda en el siguiente curso en el montaje de una radio escolar. Este proyecto lo pod\u00e9is encontrar en la p\u00e1gina web que elaboramos donde queda reflejado todo el proceso.<\/p>\n<p><a href=\"https:\/\/alqueria30.wixsite.com\/alqueria\" target=\"_blank\" rel=\"noopener noreferrer\"><img decoding=\"async\" data-attachment-id=\"7527\" data-permalink=\"https:\/\/www.alqueria.es\/blogs\/colegioalqueriatercerciclo\/2020\/05\/18\/radio-escolar-online\/captura-85\/\" data-orig-file=\"https:\/\/cloud.alqueria.es\/wp-content\/uploads\/sites\/5\/2020\/05\/Captura6.jpg\" data-orig-size=\"969,573\" data-comments-opened=\"1\" data-image-meta=\"{&quot;aperture&quot;:&quot;0&quot;,&quot;credit&quot;:&quot;rejue_000&quot;,&quot;camera&quot;:&quot;&quot;,&quot;caption&quot;:&quot;&quot;,&quot;created_timestamp&quot;:&quot;1589751678&quot;,&quot;copyright&quot;:&quot;&quot;,&quot;focal_length&quot;:&quot;0&quot;,&quot;iso&quot;:&quot;0&quot;,&quot;shutter_speed&quot;:&quot;0&quot;,&quot;title&quot;:&quot;&quot;,&quot;orientation&quot;:&quot;0&quot;}\" data-image-title=\"Captura\" data-image-description=\"\" data-image-caption=\"\" data-large-file=\"https:\/\/cloud.alqueria.es\/wp-content\/uploads\/sites\/5\/2020\/05\/Captura6.jpg\" class=\"aligncenter wp-image-7527 size-full\" src=\"https:\/\/cloud.alqueria.es\/wp-content\/uploads\/sites\/5\/2020\/05\/Captura6.jpg\" alt=\"\" width=\"969\" height=\"573\" srcset=\"https:\/\/cloud.alqueria.es\/wp-content\/uploads\/sites\/5\/2020\/05\/Captura6.jpg 969w, https:\/\/cloud.alqueria.es\/wp-content\/uploads\/sites\/5\/2020\/05\/Captura6.jpg 300w, https:\/\/cloud.alqueria.es\/wp-content\/uploads\/sites\/5\/2020\/05\/Captura6.jpg 768w\" sizes=\"(max-width: 969px) 100vw, 969px\" \/><\/a><\/p>\n<p>La m\u00fasica utilizada para este programa de radio y de uso libre es:<\/p>\n<ul>\n<li>Canci\u00f3n: Sad Puppy &#8211; \u00abMake it hot\u00bb.<\/li>\n<li>Redes sociales del artista:<\/li>\n<\/ul>\n<p><a class=\"yt-simple-endpoint style-scope yt-formatted-string\" href=\"https:\/\/www.youtube.com\/redirect?q=https%3A%2F%2Fwww.facebook.com%2FSadPuppyMusic&amp;redir_token=-gwPHc86q989EnlHDJ-vh_MFr618MTU4OTgzMDk3MkAxNTg5NzQ0NTcy&amp;v=n6RKRltOZDI&amp;event=video_description\" target=\"_blank\" rel=\"nofollow noopener noreferrer\">https:\/\/www.facebook.com\/SadPuppyMusic<\/a> <a class=\"yt-simple-endpoint style-scope yt-formatted-string\" href=\"https:\/\/www.youtube.com\/redirect?q=https%3A%2F%2Ftwitter.com%2FSadPuppyMusic&amp;redir_token=-gwPHc86q989EnlHDJ-vh_MFr618MTU4OTgzMDk3MkAxNTg5NzQ0NTcy&amp;v=n6RKRltOZDI&amp;event=video_description\" target=\"_blank\" rel=\"nofollow noopener noreferrer\">https:\/\/twitter.com\/SadPuppyMusic<\/a> <a class=\"yt-simple-endpoint style-scope yt-formatted-string\" href=\"https:\/\/www.youtube.com\/redirect?q=https%3A%2F%2Fsoundcloud.com%2FSadPuppyMusic&amp;redir_token=-gwPHc86q989EnlHDJ-vh_MFr618MTU4OTgzMDk3MkAxNTg5NzQ0NTcy&amp;v=n6RKRltOZDI&amp;event=video_description\" target=\"_blank\" rel=\"nofollow noopener noreferrer\">https:\/\/soundcloud.com\/SadPuppyMusic<\/a> <a class=\"yt-simple-endpoint style-scope yt-formatted-string\" href=\"https:\/\/www.youtube.com\/SadPuppyMusic\" rel=\"nofollow\">https:\/\/www.youtube.com\/SadPuppyMusic<\/a><\/p>\n<p><span class=\"embed-youtube\" style=\"text-align:center; display: block;\"><div class=\"a25-CTUOC-hidding-box\" data-original-content=\"&lt;iframe loading=&quot;lazy&quot; class=&quot;youtube-player&quot; width=&quot;474&quot; height=&quot;267&quot; src=&quot;https:\/\/www.youtube.com\/embed\/n6RKRltOZDI?version=3&amp;#038;rel=1&amp;#038;showsearch=0&amp;#038;showinfo=1&amp;#038;iv_load_policy=1&amp;#038;fs=1&amp;#038;hl=es-ES&amp;#038;autohide=2&amp;#038;wmode=transparent&quot; allowfullscreen=&quot;true&quot; style=&quot;border:0;&quot; sandbox=&quot;allow-scripts allow-same-origin allow-popups allow-presentation allow-popups-to-escape-sandbox&quot;&gt;&lt;\/iframe&gt;\">Esta p\u00e1gina incluye contenido multimedia que requiere aceptar todas las cookies. Pulse aqu\u00ed para abrir la configuraci\u00f3n de cookies.<\/div><\/span><\/p>\n<p>Espero que esta idea os haya encantado ya que la experiencia con este grupo ha sido satisfactoria. Necesitamos de vuestros comentarios para poder seguir avanzando en esta idea en las pr\u00f3ximas semanas.<\/p>\n<p>Jorge Torrente<\/p>\n","protected":false},"excerpt":{"rendered":"<p>La creaci\u00f3n de una radio escolar en formato podcast tiene la\u00a0 finalidad de establecer relaciones entre el alumnado, la radio y las nuevas tecnolog\u00edas. Con ello se trabajan diferentes aspectos del \u00e1rea de Lengua primando la expresi\u00f3n oral y escrita para informar, formar, entretener o dar a conocer una experiencia personal. Con ello tambi\u00e9n se &hellip; <a href=\"https:\/\/www.alqueria.es\/blogs\/colegioalqueriatercerciclo\/2020\/05\/18\/radio-escolar-online\/\" class=\"more-link\">Seguir leyendo <span class=\"screen-reader-text\">Radio escolar online<\/span> <span class=\"meta-nav\">&rarr;<\/span><\/a><\/p>\n","protected":false},"author":3,"featured_media":0,"comment_status":"open","ping_status":"open","sticky":false,"template":"","format":"standard","meta":{"jetpack_post_was_ever_published":false,"_jetpack_newsletter_access":"","_jetpack_dont_email_post_to_subs":false,"_jetpack_newsletter_tier_id":0,"_jetpack_memberships_contains_paywalled_content":false,"_jetpack_memberships_contains_paid_content":false,"footnotes":"","jetpack_publicize_message":"","jetpack_publicize_feature_enabled":true,"jetpack_social_post_already_shared":true,"jetpack_social_options":{"image_generator_settings":{"template":"highway","default_image_id":0,"font":"","enabled":false},"version":2}},"categories":[2,14],"tags":[254,312,271,505,179,115],"class_list":["post-7524","post","type-post","status-publish","format-standard","hentry","category-5o-epo","category-semanario-5o","tag-alqueria-3-0","tag-emisora-de-radio","tag-radio-escolar","tag-sad-puppy","tag-semanario-5o","tag-youtube"],"jetpack_publicize_connections":[],"jetpack_featured_media_url":"","jetpack_sharing_enabled":true,"jetpack_shortlink":"https:\/\/wp.me\/p4l4AW-1Xm","jetpack-related-posts":[],"_links":{"self":[{"href":"https:\/\/www.alqueria.es\/blogs\/colegioalqueriatercerciclo\/wp-json\/wp\/v2\/posts\/7524","targetHints":{"allow":["GET"]}}],"collection":[{"href":"https:\/\/www.alqueria.es\/blogs\/colegioalqueriatercerciclo\/wp-json\/wp\/v2\/posts"}],"about":[{"href":"https:\/\/www.alqueria.es\/blogs\/colegioalqueriatercerciclo\/wp-json\/wp\/v2\/types\/post"}],"author":[{"embeddable":true,"href":"https:\/\/www.alqueria.es\/blogs\/colegioalqueriatercerciclo\/wp-json\/wp\/v2\/users\/3"}],"replies":[{"embeddable":true,"href":"https:\/\/www.alqueria.es\/blogs\/colegioalqueriatercerciclo\/wp-json\/wp\/v2\/comments?post=7524"}],"version-history":[{"count":6,"href":"https:\/\/www.alqueria.es\/blogs\/colegioalqueriatercerciclo\/wp-json\/wp\/v2\/posts\/7524\/revisions"}],"predecessor-version":[{"id":7540,"href":"https:\/\/www.alqueria.es\/blogs\/colegioalqueriatercerciclo\/wp-json\/wp\/v2\/posts\/7524\/revisions\/7540"}],"wp:attachment":[{"href":"https:\/\/www.alqueria.es\/blogs\/colegioalqueriatercerciclo\/wp-json\/wp\/v2\/media?parent=7524"}],"wp:term":[{"taxonomy":"category","embeddable":true,"href":"https:\/\/www.alqueria.es\/blogs\/colegioalqueriatercerciclo\/wp-json\/wp\/v2\/categories?post=7524"},{"taxonomy":"post_tag","embeddable":true,"href":"https:\/\/www.alqueria.es\/blogs\/colegioalqueriatercerciclo\/wp-json\/wp\/v2\/tags?post=7524"}],"curies":[{"name":"wp","href":"https:\/\/api.w.org\/{rel}","templated":true}]}}