{"id":7800,"date":"2020-06-22T12:46:38","date_gmt":"2020-06-22T10:46:38","guid":{"rendered":"http:\/\/www.alqueria.es\/blogs\/colegioalqueriatercerciclo\/?p=7800"},"modified":"2020-06-22T12:48:48","modified_gmt":"2020-06-22T10:48:48","slug":"felices-vacaciones","status":"publish","type":"post","link":"https:\/\/www.alqueria.es\/blogs\/colegioalqueriatercerciclo\/2020\/06\/22\/felices-vacaciones\/","title":{"rendered":"\u00a1Felices vacaciones!"},"content":{"rendered":"<p><em><strong>Queridas familias, queridos ni\u00f1os y ni\u00f1as.<\/strong><\/em><\/p>\n<p><em><strong>Todos sab\u00e9is que este curso ha sido muy especial para todos, sobre todo este tercer trimestre. Las circunstancias nos han puesto en una situaci\u00f3n muy dif\u00edcil para la que nadie estaba preparado. <\/strong><\/em><\/p>\n<p><em><strong>Hemos tenido que cambiar nuestros ritmos y h\u00e1bitos, flexibilizar nuestra forma de pensar, inventar nuevas maneras de aprender, priorizar y disfrutar los momentos que pasamos juntos (aunque sea en la distancia)&#8230; pero sobre todo creemos que hemos aprendido a valorar lo que tenemos, las cosas sencillas de la vida y fundamentalmente a la familia y los amigos.<\/strong><\/em><\/p>\n<p><em><strong>En Alquer\u00eda, como sab\u00e9is y as\u00ed lo sentimos, somos una gran familia. Son muchos los momentos de convivencia, momentos con los que todos aprendemos y circunstancias que nos unen como comunidad. Nuestro alumnado es nuestra prioridad, son ellos los que nos motivan para continuar evolucionando y creciendo cada d\u00eda como proyecto.<\/strong><\/em><\/p>\n<p><em><strong>Hoy nos despedimos hasta septiembre y no podemos m\u00e1s que agradeceros el gran esfuerzo que hab\u00e9is realizado para que el proceso de ense\u00f1anza-aprendizaje haya sido posible, y todos nuestros ni\u00f1os y ni\u00f1as hayan finalizado el curso positivamente. El apoyo familiar ha sido fundamental, hab\u00e9is sido \u00abnuestras manos y nuestra voz\u00bb en casa, hab\u00e9is dado continuidad a las orientaciones tutoriales y nos hab\u00e9is ayudado en todo momento, por eso solo podemos daros las GRACIAS.\u00a0<\/strong><\/em><\/p>\n<p><em><strong>Por supuesto, tambi\u00e9n tenemos que reconocer la excelente reacci\u00f3n que han tenido nuestras ni\u00f1as y ni\u00f1os ante esta situaci\u00f3n. Han sido unos aut\u00e9nticos CAMPEONES y nos han dado a todos una lecci\u00f3n de vida. Sin formar parte de su vocabulario han sabido interiorizar perfectamente el significado de la palabra resiliencia; su capacidad de adaptaci\u00f3n ha sido magn\u00edfica y nos han demostrado los grandes valores que como personas ya poseen. Desde aqu\u00ed les damos la enhorabuena porque ha sido una prueba que han superado con creces.<\/strong><\/em><\/p>\n<p><em><strong>Os dejamos este v\u00eddeo del Equipo de Alquer\u00eda, realizado con todo nuestro cari\u00f1o y afecto, esperamos que os guste.<\/strong><\/em><\/p>\n<p><div class=\"a25-CTUOC-hidding-box\" data-original-content=\"&lt;iframe loading=&quot;lazy&quot; title=&quot;Despedida fin de curso Alquer\u00eda 2020&quot; src=&quot;https:\/\/player.vimeo.com\/video\/431269475?dnt=1&amp;amp;app_id=122963&quot; width=&quot;474&quot; height=&quot;356&quot; frameborder=&quot;0&quot; allow=&quot;autoplay; fullscreen; picture-in-picture; clipboard-write&quot;&gt;&lt;\/iframe&gt;\">Esta p\u00e1gina incluye contenido multimedia que requiere aceptar todas las cookies. Pulse aqu\u00ed para abrir la configuraci\u00f3n de cookies.<\/div><\/p>\n<p><em><strong>Esperamos que durante los meses de verano aprovech\u00e9is para disfrutar de vuestras personas queridas, para hacer las cosas que os gustan y os ilusionan, y que os llen\u00e9is de energ\u00eda para enfrentaros a lo que nos depare el futuro con fuerza y entereza.<\/strong><\/em><\/p>\n<p><em><strong>Nosotros por nuestra parte haremos lo mismo, pero adem\u00e1s tenemos por delante un importante trabajo, el de preparar nuestro centro para recibiros en septiembre con los brazos abiertos y la mejor de nuestras sonrisas. Todav\u00eda no hemos descansado y ya tenemos la fuerza y la motivaci\u00f3n necesaria para enfrentarnos a esta tarea. Vuestra confianza en nosotros, y las caritas de vuestros hijos e hijas, es lo que nos anima en este arduo camino.<\/strong><\/em><\/p>\n<p><em><strong>Solo nos queda deciros \u00abhasta luego\u00bb y enviaros un fuerte abrazo. Cuidaos, disfrutad y no olvid\u00e9is que os estaremos esperando.<\/strong><\/em><\/p>\n<p><em><strong>Equipo Alquer\u00eda Educaci\u00f3n<\/strong><\/em><\/p>\n","protected":false},"excerpt":{"rendered":"<p>Queridas familias, queridos ni\u00f1os y ni\u00f1as. Todos sab\u00e9is que este curso ha sido muy especial para todos, sobre todo este tercer trimestre. Las circunstancias nos han puesto en una situaci\u00f3n muy dif\u00edcil para la que nadie estaba preparado. Hemos tenido que cambiar nuestros ritmos y h\u00e1bitos, flexibilizar nuestra forma de pensar, inventar nuevas maneras de &hellip; <a href=\"https:\/\/www.alqueria.es\/blogs\/colegioalqueriatercerciclo\/2020\/06\/22\/felices-vacaciones\/\" class=\"more-link\">Seguir leyendo <span class=\"screen-reader-text\">\u00a1Felices vacaciones!<\/span> <span class=\"meta-nav\">&rarr;<\/span><\/a><\/p>\n","protected":false},"author":3,"featured_media":0,"comment_status":"open","ping_status":"open","sticky":false,"template":"","format":"standard","meta":{"jetpack_post_was_ever_published":false,"_jetpack_newsletter_access":"","_jetpack_dont_email_post_to_subs":false,"_jetpack_newsletter_tier_id":0,"_jetpack_memberships_contains_paywalled_content":false,"_jetpack_memberships_contains_paid_content":false,"footnotes":"","jetpack_publicize_message":"","jetpack_publicize_feature_enabled":true,"jetpack_social_post_already_shared":true,"jetpack_social_options":{"image_generator_settings":{"template":"highway","default_image_id":0,"font":"","enabled":false},"version":2}},"categories":[2,3,14,15],"tags":[175,519,325,91],"class_list":["post-7800","post","type-post","status-publish","format-standard","hentry","category-5o-epo","category-6o-epo","category-semanario-5o","category-semanario-6o","tag-fin-de-curso","tag-fin-de-curso-2020","tag-informacion-a-familias","tag-semanario"],"jetpack_publicize_connections":[],"jetpack_featured_media_url":"","jetpack_sharing_enabled":true,"jetpack_shortlink":"https:\/\/wp.me\/p4l4AW-21O","jetpack-related-posts":[],"_links":{"self":[{"href":"https:\/\/www.alqueria.es\/blogs\/colegioalqueriatercerciclo\/wp-json\/wp\/v2\/posts\/7800","targetHints":{"allow":["GET"]}}],"collection":[{"href":"https:\/\/www.alqueria.es\/blogs\/colegioalqueriatercerciclo\/wp-json\/wp\/v2\/posts"}],"about":[{"href":"https:\/\/www.alqueria.es\/blogs\/colegioalqueriatercerciclo\/wp-json\/wp\/v2\/types\/post"}],"author":[{"embeddable":true,"href":"https:\/\/www.alqueria.es\/blogs\/colegioalqueriatercerciclo\/wp-json\/wp\/v2\/users\/3"}],"replies":[{"embeddable":true,"href":"https:\/\/www.alqueria.es\/blogs\/colegioalqueriatercerciclo\/wp-json\/wp\/v2\/comments?post=7800"}],"version-history":[{"count":5,"href":"https:\/\/www.alqueria.es\/blogs\/colegioalqueriatercerciclo\/wp-json\/wp\/v2\/posts\/7800\/revisions"}],"predecessor-version":[{"id":7805,"href":"https:\/\/www.alqueria.es\/blogs\/colegioalqueriatercerciclo\/wp-json\/wp\/v2\/posts\/7800\/revisions\/7805"}],"wp:attachment":[{"href":"https:\/\/www.alqueria.es\/blogs\/colegioalqueriatercerciclo\/wp-json\/wp\/v2\/media?parent=7800"}],"wp:term":[{"taxonomy":"category","embeddable":true,"href":"https:\/\/www.alqueria.es\/blogs\/colegioalqueriatercerciclo\/wp-json\/wp\/v2\/categories?post=7800"},{"taxonomy":"post_tag","embeddable":true,"href":"https:\/\/www.alqueria.es\/blogs\/colegioalqueriatercerciclo\/wp-json\/wp\/v2\/tags?post=7800"}],"curies":[{"name":"wp","href":"https:\/\/api.w.org\/{rel}","templated":true}]}}