{"id":800,"date":"2013-02-05T14:53:00","date_gmt":"2013-02-05T13:53:00","guid":{"rendered":"http:\/\/colegioalqueria.wordpress.com\/?p=800"},"modified":"2013-02-05T14:53:00","modified_gmt":"2013-02-05T13:53:00","slug":"milenio-del-reino-de-granada-semana-cultural","status":"publish","type":"post","link":"https:\/\/www.alqueria.es\/blogs\/colegioalqueriatercerciclo\/2013\/02\/05\/milenio-del-reino-de-granada-semana-cultural\/","title":{"rendered":"\u00abMilenio del reino de Granada\u00bb semana cultural"},"content":{"rendered":"<p>Esta semana en nuestro centro estamos celebrando la conmemoraci\u00f3n del milenio de la fundaci\u00f3n, (o refundaci\u00f3n seg\u00fan algunos expertos), del Reino de Granada (1013-2013).<\/p>\n<p>En el tercer ciclo le hemos propuesto a nuestro alumnado ser \u00abreporteros del milenio\u00bb. Haz clic en el siguiente enlace para acceder a toda la informaci\u00f3n de las mil actividades que est\u00e1n teniendo lugar en nuestro centro: conferencias, exposiciones, instalaciones, danzas, gastronom\u00eda, cultura e historia&#8230;\u00a0Todas ellas vista bajo la perspectiva de nuestro alumnado.<\/p>\n<p><a href=\"http:\/\/alqueriatercerciclo.wordpress.com\/\"><img decoding=\"async\" data-attachment-id=\"802\" data-permalink=\"https:\/\/www.alqueria.es\/blogs\/colegioalqueriatercerciclo\/2013\/02\/05\/milenio-del-reino-de-granada-semana-cultural\/captura-8\/\" data-orig-file=\"https:\/\/www.alqueria.es\/blogs\/colegioalqueriatercerciclo\/wp-content\/uploads\/sites\/5\/2013\/02\/captura.jpg\" data-orig-size=\"995,839\" data-comments-opened=\"1\" data-image-meta=\"{&quot;aperture&quot;:&quot;0&quot;,&quot;credit&quot;:&quot;&quot;,&quot;camera&quot;:&quot;&quot;,&quot;caption&quot;:&quot;&quot;,&quot;created_timestamp&quot;:&quot;0&quot;,&quot;copyright&quot;:&quot;&quot;,&quot;focal_length&quot;:&quot;0&quot;,&quot;iso&quot;:&quot;0&quot;,&quot;shutter_speed&quot;:&quot;0&quot;,&quot;title&quot;:&quot;&quot;}\" data-image-title=\"Captura\" data-image-description=\"\" data-image-caption=\"\" data-large-file=\"https:\/\/www.alqueria.es\/blogs\/colegioalqueriatercerciclo\/wp-content\/uploads\/sites\/5\/2013\/02\/captura.jpg\" class=\"aligncenter size-large wp-image-802\" alt=\"Captura\" src=\"https:\/\/cloud.alqueria.es\/wp-content\/uploads\/sites\/5\/2013\/02\/captura.jpg?w=510\" width=\"510\" height=\"430\" srcset=\"https:\/\/www.alqueria.es\/blogs\/colegioalqueriatercerciclo\/wp-content\/uploads\/sites\/5\/2013\/02\/captura.jpg 995w, https:\/\/www.alqueria.es\/blogs\/colegioalqueriatercerciclo\/wp-content\/uploads\/sites\/5\/2013\/02\/captura-300x252.jpg 300w\" sizes=\"(max-width: 510px) 100vw, 510px\" \/><\/a><\/p>\n","protected":false},"excerpt":{"rendered":"<p>Esta semana en nuestro centro estamos celebrando la conmemoraci\u00f3n del milenio de la fundaci\u00f3n, (o refundaci\u00f3n seg\u00fan algunos expertos), del Reino de Granada (1013-2013). En el tercer ciclo le hemos propuesto a nuestro alumnado ser \u00abreporteros del milenio\u00bb. Haz clic en el siguiente enlace para acceder a toda la informaci\u00f3n de las mil actividades que &hellip; <a href=\"https:\/\/www.alqueria.es\/blogs\/colegioalqueriatercerciclo\/2013\/02\/05\/milenio-del-reino-de-granada-semana-cultural\/\" class=\"more-link\">Seguir leyendo <span class=\"screen-reader-text\">\u00abMilenio del reino de Granada\u00bb semana cultural<\/span> <span class=\"meta-nav\">&rarr;<\/span><\/a><\/p>\n","protected":false},"author":7,"featured_media":0,"comment_status":"open","ping_status":"open","sticky":false,"template":"","format":"standard","meta":{"jetpack_post_was_ever_published":false,"_jetpack_newsletter_access":"","_jetpack_dont_email_post_to_subs":false,"_jetpack_newsletter_tier_id":0,"_jetpack_memberships_contains_paywalled_content":false,"_jetpack_memberships_contains_paid_content":false,"footnotes":"","jetpack_publicize_message":"","jetpack_publicize_feature_enabled":true,"jetpack_social_post_already_shared":true,"jetpack_social_options":{"image_generator_settings":{"template":"highway","default_image_id":0,"font":"","enabled":false},"version":2}},"categories":[2,3,14,15],"tags":[66,90,179,180],"class_list":["post-800","post","type-post","status-publish","format-standard","hentry","category-5o-epo","category-6o-epo","category-semanario-5o","category-semanario-6o","tag-milenio-del-reino-de-granada","tag-semana-cultural-2013","tag-semanario-5o","tag-semanario-6o"],"jetpack_publicize_connections":[],"jetpack_featured_media_url":"","jetpack_sharing_enabled":true,"jetpack_shortlink":"https:\/\/wp.me\/p4l4AW-cU","jetpack-related-posts":[],"_links":{"self":[{"href":"https:\/\/www.alqueria.es\/blogs\/colegioalqueriatercerciclo\/wp-json\/wp\/v2\/posts\/800","targetHints":{"allow":["GET"]}}],"collection":[{"href":"https:\/\/www.alqueria.es\/blogs\/colegioalqueriatercerciclo\/wp-json\/wp\/v2\/posts"}],"about":[{"href":"https:\/\/www.alqueria.es\/blogs\/colegioalqueriatercerciclo\/wp-json\/wp\/v2\/types\/post"}],"author":[{"embeddable":true,"href":"https:\/\/www.alqueria.es\/blogs\/colegioalqueriatercerciclo\/wp-json\/wp\/v2\/users\/7"}],"replies":[{"embeddable":true,"href":"https:\/\/www.alqueria.es\/blogs\/colegioalqueriatercerciclo\/wp-json\/wp\/v2\/comments?post=800"}],"version-history":[{"count":0,"href":"https:\/\/www.alqueria.es\/blogs\/colegioalqueriatercerciclo\/wp-json\/wp\/v2\/posts\/800\/revisions"}],"wp:attachment":[{"href":"https:\/\/www.alqueria.es\/blogs\/colegioalqueriatercerciclo\/wp-json\/wp\/v2\/media?parent=800"}],"wp:term":[{"taxonomy":"category","embeddable":true,"href":"https:\/\/www.alqueria.es\/blogs\/colegioalqueriatercerciclo\/wp-json\/wp\/v2\/categories?post=800"},{"taxonomy":"post_tag","embeddable":true,"href":"https:\/\/www.alqueria.es\/blogs\/colegioalqueriatercerciclo\/wp-json\/wp\/v2\/tags?post=800"}],"curies":[{"name":"wp","href":"https:\/\/api.w.org\/{rel}","templated":true}]}}