{"id":807,"date":"2013-02-12T15:37:59","date_gmt":"2013-02-12T14:37:59","guid":{"rendered":"http:\/\/colegioalqueria.wordpress.com\/?p=807"},"modified":"2013-02-12T15:37:59","modified_gmt":"2013-02-12T14:37:59","slug":"conferencia-los-motores-nacho-c","status":"publish","type":"post","link":"https:\/\/www.alqueria.es\/blogs\/colegioalqueriatercerciclo\/2013\/02\/12\/conferencia-los-motores-nacho-c\/","title":{"rendered":"Conferencia: LOS MOTORES. Nacho C."},"content":{"rendered":"<p>Hoy hemos disfrutado de la conferencia de nuestro compa\u00f1ero Nacho C.. Nos ha expuesto su trabajo sobre motores. Ha servido de punto de inicio para la siguiente unidad de trabajo en conocimiento del medio: M\u00e1quinas y energ\u00eda. Nacho nos ha hablado de qu\u00e9 es un motor, de los diferentes tipos de motores y de curiosidades sobre estos dispositivos. Ha acompa\u00f1ado su discurso de una serie de v\u00eddeos cortos, demostrativos de cada una de las partes de su discurso.<\/p>\n<p><a href=\"https:\/\/cloud.alqueria.es\/wp-content\/uploads\/sites\/5\/2013\/02\/dsc06374.jpg\"><a href=\"https:\/\/cloud.alqueria.es\/wp-content\/uploads\/sites\/5\/2013\/02\/dsc063791.jpg\"><img decoding=\"async\" data-attachment-id=\"809\" data-permalink=\"https:\/\/www.alqueria.es\/blogs\/colegioalqueriatercerciclo\/2013\/02\/12\/conferencia-los-motores-nacho-c\/dsc06379-2\/\" data-orig-file=\"https:\/\/www.alqueria.es\/blogs\/colegioalqueriatercerciclo\/wp-content\/uploads\/sites\/5\/2013\/02\/dsc063791.jpg\" data-orig-size=\"1024,768\" data-comments-opened=\"1\" data-image-meta=\"{&quot;aperture&quot;:&quot;0&quot;,&quot;credit&quot;:&quot;&quot;,&quot;camera&quot;:&quot;&quot;,&quot;caption&quot;:&quot;&quot;,&quot;created_timestamp&quot;:&quot;0&quot;,&quot;copyright&quot;:&quot;&quot;,&quot;focal_length&quot;:&quot;0&quot;,&quot;iso&quot;:&quot;0&quot;,&quot;shutter_speed&quot;:&quot;0&quot;,&quot;title&quot;:&quot;&quot;}\" data-image-title=\"DSC06379\" data-image-description=\"\" data-image-caption=\"\" data-large-file=\"https:\/\/www.alqueria.es\/blogs\/colegioalqueriatercerciclo\/wp-content\/uploads\/sites\/5\/2013\/02\/dsc063791-1024x768.jpg\" class=\"aligncenter size-large wp-image-809\" alt=\"DSC06379\" src=\"https:\/\/cloud.alqueria.es\/wp-content\/uploads\/sites\/5\/2013\/02\/dsc063791.jpg?w=510\" width=\"510\" height=\"382\" srcset=\"https:\/\/www.alqueria.es\/blogs\/colegioalqueriatercerciclo\/wp-content\/uploads\/sites\/5\/2013\/02\/dsc063791.jpg 1024w, https:\/\/www.alqueria.es\/blogs\/colegioalqueriatercerciclo\/wp-content\/uploads\/sites\/5\/2013\/02\/dsc063791-300x225.jpg 300w\" sizes=\"(max-width: 510px) 100vw, 510px\" \/><\/a><\/a><\/p>\n<p>&nbsp;<\/p>\n<p>Pod\u00e9is consultar su exposici\u00f3n haciendo clic en aqu\u00ed :<a href=\"http:\/\/jfcuevas.zxq.net\/presentacion%20motores\/\"> MOTORES<\/a><\/p>\n<p><a href=\"https:\/\/cloud.alqueria.es\/wp-content\/uploads\/sites\/5\/2013\/02\/dsc06374.jpg\"><img decoding=\"async\" data-attachment-id=\"810\" data-permalink=\"https:\/\/www.alqueria.es\/blogs\/colegioalqueriatercerciclo\/2013\/02\/12\/conferencia-los-motores-nacho-c\/dsc06374\/\" data-orig-file=\"https:\/\/www.alqueria.es\/blogs\/colegioalqueriatercerciclo\/wp-content\/uploads\/sites\/5\/2013\/02\/dsc06374.jpg\" data-orig-size=\"1024,768\" data-comments-opened=\"1\" data-image-meta=\"{&quot;aperture&quot;:&quot;0&quot;,&quot;credit&quot;:&quot;&quot;,&quot;camera&quot;:&quot;&quot;,&quot;caption&quot;:&quot;&quot;,&quot;created_timestamp&quot;:&quot;0&quot;,&quot;copyright&quot;:&quot;&quot;,&quot;focal_length&quot;:&quot;0&quot;,&quot;iso&quot;:&quot;0&quot;,&quot;shutter_speed&quot;:&quot;0&quot;,&quot;title&quot;:&quot;&quot;}\" data-image-title=\"DSC06374\" data-image-description=\"\" data-image-caption=\"\" data-large-file=\"https:\/\/www.alqueria.es\/blogs\/colegioalqueriatercerciclo\/wp-content\/uploads\/sites\/5\/2013\/02\/dsc06374-1024x768.jpg\" class=\"aligncenter size-large wp-image-810\" alt=\"DSC06374\" src=\"https:\/\/cloud.alqueria.es\/wp-content\/uploads\/sites\/5\/2013\/02\/dsc06374.jpg?w=510\" width=\"510\" height=\"382\" srcset=\"https:\/\/www.alqueria.es\/blogs\/colegioalqueriatercerciclo\/wp-content\/uploads\/sites\/5\/2013\/02\/dsc06374.jpg 1024w, https:\/\/www.alqueria.es\/blogs\/colegioalqueriatercerciclo\/wp-content\/uploads\/sites\/5\/2013\/02\/dsc06374-300x225.jpg 300w\" sizes=\"(max-width: 510px) 100vw, 510px\" \/><\/a><\/p>\n<p>Un saludo<\/p>\n<p>Jose.<\/p>\n","protected":false},"excerpt":{"rendered":"<p>Hoy hemos disfrutado de la conferencia de nuestro compa\u00f1ero Nacho C.. Nos ha expuesto su trabajo sobre motores. Ha servido de punto de inicio para la siguiente unidad de trabajo en conocimiento del medio: M\u00e1quinas y energ\u00eda. Nacho nos ha hablado de qu\u00e9 es un motor, de los diferentes tipos de motores y de curiosidades &hellip; <a href=\"https:\/\/www.alqueria.es\/blogs\/colegioalqueriatercerciclo\/2013\/02\/12\/conferencia-los-motores-nacho-c\/\" class=\"more-link\">Seguir leyendo <span class=\"screen-reader-text\">Conferencia: LOS MOTORES. Nacho C.<\/span> <span class=\"meta-nav\">&rarr;<\/span><\/a><\/p>\n","protected":false},"author":8,"featured_media":0,"comment_status":"open","ping_status":"open","sticky":false,"template":"","format":"standard","meta":{"jetpack_post_was_ever_published":false,"_jetpack_newsletter_access":"","_jetpack_dont_email_post_to_subs":false,"_jetpack_newsletter_tier_id":0,"_jetpack_memberships_contains_paywalled_content":false,"_jetpack_memberships_contains_paid_content":false,"footnotes":"","jetpack_publicize_message":"","jetpack_publicize_feature_enabled":true,"jetpack_social_post_already_shared":true,"jetpack_social_options":{"image_generator_settings":{"template":"highway","default_image_id":0,"font":"","enabled":false},"version":2}},"categories":[2,14],"tags":[],"class_list":["post-807","post","type-post","status-publish","format-standard","hentry","category-5o-epo","category-semanario-5o"],"jetpack_publicize_connections":[],"jetpack_featured_media_url":"","jetpack_sharing_enabled":true,"jetpack_shortlink":"https:\/\/wp.me\/p4l4AW-d1","jetpack-related-posts":[],"_links":{"self":[{"href":"https:\/\/www.alqueria.es\/blogs\/colegioalqueriatercerciclo\/wp-json\/wp\/v2\/posts\/807","targetHints":{"allow":["GET"]}}],"collection":[{"href":"https:\/\/www.alqueria.es\/blogs\/colegioalqueriatercerciclo\/wp-json\/wp\/v2\/posts"}],"about":[{"href":"https:\/\/www.alqueria.es\/blogs\/colegioalqueriatercerciclo\/wp-json\/wp\/v2\/types\/post"}],"author":[{"embeddable":true,"href":"https:\/\/www.alqueria.es\/blogs\/colegioalqueriatercerciclo\/wp-json\/wp\/v2\/users\/8"}],"replies":[{"embeddable":true,"href":"https:\/\/www.alqueria.es\/blogs\/colegioalqueriatercerciclo\/wp-json\/wp\/v2\/comments?post=807"}],"version-history":[{"count":0,"href":"https:\/\/www.alqueria.es\/blogs\/colegioalqueriatercerciclo\/wp-json\/wp\/v2\/posts\/807\/revisions"}],"wp:attachment":[{"href":"https:\/\/www.alqueria.es\/blogs\/colegioalqueriatercerciclo\/wp-json\/wp\/v2\/media?parent=807"}],"wp:term":[{"taxonomy":"category","embeddable":true,"href":"https:\/\/www.alqueria.es\/blogs\/colegioalqueriatercerciclo\/wp-json\/wp\/v2\/categories?post=807"},{"taxonomy":"post_tag","embeddable":true,"href":"https:\/\/www.alqueria.es\/blogs\/colegioalqueriatercerciclo\/wp-json\/wp\/v2\/tags?post=807"}],"curies":[{"name":"wp","href":"https:\/\/api.w.org\/{rel}","templated":true}]}}