{"id":9569,"date":"2021-06-13T04:57:34","date_gmt":"2021-06-13T02:57:34","guid":{"rendered":"https:\/\/www.alqueria.es\/blogs\/colegioalqueriatercerciclo\/?p=9569"},"modified":"2021-06-13T04:57:34","modified_gmt":"2021-06-13T02:57:34","slug":"rozando-el-verano","status":"publish","type":"post","link":"https:\/\/www.alqueria.es\/blogs\/colegioalqueriatercerciclo\/2021\/06\/13\/rozando-el-verano\/","title":{"rendered":"Rozando el verano"},"content":{"rendered":"<p>Esta semana que terminamos la comenzamos con un nuevo horario de cierre del Centro a las 15h. y con cambios en el horario traspasando las clases de los especialistas de m\u00fasica, art\u00edstica e idioma a la franja de la ma\u00f1ana.<\/p>\n<p>La semana se nos ha hecho corta y pr\u00e1cticamente hemos avanzado aquellos trabajos que ten\u00edamos abiertos introduciendo algunos conceptos nuevos:<\/p>\n<ul>\n<li>Diferenciamos entre el an\u00e1lisis sint\u00e1ctico y comenzamos a poner en pr\u00e1ctica la gram\u00e1tica trabajada localizando en oraciones los tipos de palabras que nos encontramos aprendiendo y comprendiendo lo que es un an\u00e1lisis morfol\u00f3gico.<\/li>\n<li>Seguimos con la lectura en clase y concretamos los guiones de los pr\u00f3ximos debates que fueron propuestos en Classroom. Una vez recogidas todas las ideas en papel, comenzaremos a realizar agrupamientos de ideas comunes para organizar los debates la pr\u00f3xima semana.<\/li>\n<li>Los temas que propusimos fueron estos:<\/li>\n<\/ul>\n<p>1. \u00bfEs necesario tener dos idiomas por ley en la etapa educativa y cada d\u00eda de la semana?<br \/>\n2. \u00bfEs necesaria la mascarilla en el mes de junio y la vacuna a menores de 12 a\u00f1os?<br \/>\n3. En secundaria hay menos horas de idioma y deporte \u00bfest\u00e1s de acuerdo? \u00bfSe deben tener a diario de lunes a viernes?<\/p>\n<ul>\n<li>Recordamos y realizamos datos estad\u00edsticos sobre la media aritm\u00e9tica contabilizando en diferentes registros la forma de calcularlo.<\/li>\n<li>Acabamos de pasar la parte de la historia de la Edad Antigua a nuestra revista digital a falta de hacer una revisi\u00f3n de ortograf\u00eda y desarrollo en grupos.<\/li>\n<li>Aunque sea pronto, realizamos un primer orden de trabajos de este trimestre por fechas a\u00f1adiendo las portadas y guard\u00e1ndolas en la carpeta blanca que el d\u00eda 21 llevar\u00e1n a casa. A\u00fan queda montar la carpeta y a\u00f1adir diferentes trabajos que tenemos guardados en clase. Los m\u00e1s organizados lo han tenido f\u00e1cil ya que era sacar de la carpeta clasificatoria los folios de sus trabajos ordenados y ponerles una portada, los m\u00e1s descuidados, tuvieron que organizar por fechas desde primeros de abril hasta el d\u00eda de hoy.<\/li>\n<\/ul>\n<p class=\"jetpack-slideshow-noscript robots-nocontent\">El pase de diapositivas requiere JavaScript.<\/p><div id=\"gallery-9569-1-slideshow\" class=\"jetpack-slideshow-window jetpack-slideshow jetpack-slideshow-black\" data-trans=\"fade\" data-autostart=\"1\" data-gallery=\"[{&quot;src&quot;:&quot;https:\\\/\\\/cloud.alqueria.es\\\/wp-content\\\/uploads\\\/sites\\\/5\\\/2021\\\/06\\\/carpetas-08.06-3.jpeg&quot;,&quot;id&quot;:&quot;9572&quot;,&quot;title&quot;:&quot;carpetas 08.06 (3)&quot;,&quot;alt&quot;:&quot;&quot;,&quot;caption&quot;:&quot;&quot;,&quot;itemprop&quot;:&quot;image&quot;},{&quot;src&quot;:&quot;https:\\\/\\\/cloud.alqueria.es\\\/wp-content\\\/uploads\\\/sites\\\/5\\\/2021\\\/06\\\/carpetas-08.06-4.jpeg&quot;,&quot;id&quot;:&quot;9573&quot;,&quot;title&quot;:&quot;carpetas 08.06 (4)&quot;,&quot;alt&quot;:&quot;&quot;,&quot;caption&quot;:&quot;&quot;,&quot;itemprop&quot;:&quot;image&quot;},{&quot;src&quot;:&quot;https:\\\/\\\/cloud.alqueria.es\\\/wp-content\\\/uploads\\\/sites\\\/5\\\/2021\\\/06\\\/carpetas-08.06-7.jpeg&quot;,&quot;id&quot;:&quot;9574&quot;,&quot;title&quot;:&quot;carpetas 08.06 (7)&quot;,&quot;alt&quot;:&quot;&quot;,&quot;caption&quot;:&quot;&quot;,&quot;itemprop&quot;:&quot;image&quot;}]\" itemscope itemtype=\"https:\/\/schema.org\/ImageGallery\"><\/div>\n<ul>\n<li>Los juegos de esta semana demuestran el dicho que dice que \u00abla primavera, la sangre altera\u00bb. Los juegos deportivos, de charlas y de la casita del patio central, dejan ver que est\u00e1n creciendo y la interacci\u00f3n social es mayor en una parte del grupo. Son momentos y actitudes habituales de la edad que ir\u00e1n creciendo conforme pase el tiempo y cara al pr\u00f3ximo curso.<\/li>\n<\/ul>\n<p>Adem\u00e1s, ya os podemos adelantar la tem\u00e1tica de la fiesta de fin de curso que se realizar\u00e1 de manera interna para el alumnado el d\u00eda 22 de junio durante la ma\u00f1ana. La tem\u00e1tica escogida por el profesorado ha sido la de \u00abPersonajes Fant\u00e1sticos\u00bb, \u00abS\u00faper h\u00e9roes\u00bb&#8230; h\u00e9roes que pueden ser inventados y creados por cada miembro del grupo para caracterizarse y venir disfrazados. Durante esa jornada desarrollaremos din\u00e1micas y juegos para disfrutar del \u00faltimo d\u00eda de colegio y curso como se merece. En esta ocasi\u00f3n ser\u00e1 solo para el alumnado y cruzamos dedos para que el pr\u00f3ximo periodo vuelva a ser como en cursos anteriores.<\/p>\n<p>Os mantendremos informados sobre esta jornada de fin de curso y los pocos d\u00edas que restan de primavera en el colegio.<\/p>\n<p>Jorge<\/p>\n","protected":false},"excerpt":{"rendered":"<p>Esta semana que terminamos la comenzamos con un nuevo horario de cierre del Centro a las 15h. y con cambios en el horario traspasando las clases de los especialistas de m\u00fasica, art\u00edstica e idioma a la franja de la ma\u00f1ana. La semana se nos ha hecho corta y pr\u00e1cticamente hemos avanzado aquellos trabajos que ten\u00edamos &hellip; <a href=\"https:\/\/www.alqueria.es\/blogs\/colegioalqueriatercerciclo\/2021\/06\/13\/rozando-el-verano\/\" class=\"more-link\">Seguir leyendo <span class=\"screen-reader-text\">Rozando el verano<\/span> <span class=\"meta-nav\">&rarr;<\/span><\/a><\/p>\n","protected":false},"author":3,"featured_media":0,"comment_status":"open","ping_status":"open","sticky":false,"template":"","format":"standard","meta":{"jetpack_post_was_ever_published":false,"_jetpack_newsletter_access":"","_jetpack_dont_email_post_to_subs":false,"_jetpack_newsletter_tier_id":0,"_jetpack_memberships_contains_paywalled_content":false,"_jetpack_memberships_contains_paid_content":false,"footnotes":"","jetpack_publicize_message":"","jetpack_publicize_feature_enabled":true,"jetpack_social_post_already_shared":true,"jetpack_social_options":{"image_generator_settings":{"template":"highway","default_image_id":0,"font":"","enabled":false},"version":2}},"categories":[2,14],"tags":[179],"class_list":["post-9569","post","type-post","status-publish","format-standard","hentry","category-5o-epo","category-semanario-5o","tag-semanario-5o"],"jetpack_publicize_connections":[],"jetpack_featured_media_url":"","jetpack_sharing_enabled":true,"jetpack_shortlink":"https:\/\/wp.me\/p4l4AW-2ul","jetpack-related-posts":[],"_links":{"self":[{"href":"https:\/\/www.alqueria.es\/blogs\/colegioalqueriatercerciclo\/wp-json\/wp\/v2\/posts\/9569","targetHints":{"allow":["GET"]}}],"collection":[{"href":"https:\/\/www.alqueria.es\/blogs\/colegioalqueriatercerciclo\/wp-json\/wp\/v2\/posts"}],"about":[{"href":"https:\/\/www.alqueria.es\/blogs\/colegioalqueriatercerciclo\/wp-json\/wp\/v2\/types\/post"}],"author":[{"embeddable":true,"href":"https:\/\/www.alqueria.es\/blogs\/colegioalqueriatercerciclo\/wp-json\/wp\/v2\/users\/3"}],"replies":[{"embeddable":true,"href":"https:\/\/www.alqueria.es\/blogs\/colegioalqueriatercerciclo\/wp-json\/wp\/v2\/comments?post=9569"}],"version-history":[{"count":3,"href":"https:\/\/www.alqueria.es\/blogs\/colegioalqueriatercerciclo\/wp-json\/wp\/v2\/posts\/9569\/revisions"}],"predecessor-version":[{"id":9575,"href":"https:\/\/www.alqueria.es\/blogs\/colegioalqueriatercerciclo\/wp-json\/wp\/v2\/posts\/9569\/revisions\/9575"}],"wp:attachment":[{"href":"https:\/\/www.alqueria.es\/blogs\/colegioalqueriatercerciclo\/wp-json\/wp\/v2\/media?parent=9569"}],"wp:term":[{"taxonomy":"category","embeddable":true,"href":"https:\/\/www.alqueria.es\/blogs\/colegioalqueriatercerciclo\/wp-json\/wp\/v2\/categories?post=9569"},{"taxonomy":"post_tag","embeddable":true,"href":"https:\/\/www.alqueria.es\/blogs\/colegioalqueriatercerciclo\/wp-json\/wp\/v2\/tags?post=9569"}],"curies":[{"name":"wp","href":"https:\/\/api.w.org\/{rel}","templated":true}]}}